{"id":260031,"date":"2026-03-04T14:25:26","date_gmt":"2026-03-04T14:25:26","guid":{"rendered":"http:\/\/tarimhaber.com\/?p=260031"},"modified":"2026-03-04T14:25:26","modified_gmt":"2026-03-04T14:25:26","slug":"uluslararasi-tarim-orman-ve-insan-fotograf-yarismasinda-odul-alan-fotograflar-sinopta-sergilendi","status":"publish","type":"post","link":"https:\/\/tarimhaber.com\/?p=260031","title":{"rendered":"Uluslararas\u0131 Tar\u0131m, Orman ve \u0130nsan Foto\u011fraf Yar\u0131\u015fmas\u0131&apos;nda \u00f6d\u00fcl alan foto\u011fraflar Sinop&apos;ta sergilendi"},"content":{"rendered":"<p>Tar\u0131m ve Orman Bakanl\u0131\u011f\u0131&#8217;n\u0131n 15. Uluslararas\u0131 Tar\u0131m, Orman ve \u0130nsan Foto\u011fraf Yar\u0131\u015fmas\u0131&#8217;nda \u00f6d\u00fcl alan eserler, Sinop K\u00fclt\u00fcr Merkezi&#8217;nde sanatseverlerle bulu\u015ftu. 2025 y\u0131l\u0131 temas\u0131 &#8216;Bereketin Y\u00fczy\u0131l\u0131&#8217; olarak belirlenen yar\u0131\u015fmaya 2 bin 11 ki\u015fi kat\u0131ld\u0131.<\/p>\n<p>Kaynak: <a href=\"https:\/\/www.haberler.com\/guncel\/sinop-ta-uluslararasi-tarim-orman-ve-insan-fotograf-yarismasi-sergisi-acildi-19624033-haberi\/\" target=\"_blank\" class=\"feedzy-rss-link-icon\">Read More<\/a><\/p>","protected":false},"excerpt":{"rendered":"<p>Tar\u0131m ve Orman Bakanl\u0131\u011f\u0131&#8217;n\u0131n 15. Uluslararas\u0131 Tar\u0131m, Orman ve \u0130nsan Foto\u011fraf Yar\u0131\u015fmas\u0131&#8217;nda \u00f6d\u00fcl alan eserler, Sinop K\u00fclt\u00fcr Merkezi&#8217;nde sanatseverlerle bulu\u015ftu. 2025 y\u0131l\u0131 temas\u0131 &#8216;Bereketin Y\u00fczy\u0131l\u0131&#8217; olarak belirlenen yar\u0131\u015fmaya 2 bin&hellip;<\/p>\n","protected":false},"author":0,"featured_media":260032,"comment_status":"open","ping_status":"open","sticky":false,"template":"","format":"standard","meta":{"footnotes":""},"categories":[4200],"tags":[],"class_list":["post-260031","post","type-post","status-publish","format-standard","has-post-thumbnail","hentry","category-guncel-haberler"],"_links":{"self":[{"href":"https:\/\/tarimhaber.com\/index.php?rest_route=\/wp\/v2\/posts\/260031","targetHints":{"allow":["GET"]}}],"collection":[{"href":"https:\/\/tarimhaber.com\/index.php?rest_route=\/wp\/v2\/posts"}],"about":[{"href":"https:\/\/tarimhaber.com\/index.php?rest_route=\/wp\/v2\/types\/post"}],"replies":[{"embeddable":true,"href":"https:\/\/tarimhaber.com\/index.php?rest_route=%2Fwp%2Fv2%2Fcomments&post=260031"}],"version-history":[{"count":0,"href":"https:\/\/tarimhaber.com\/index.php?rest_route=\/wp\/v2\/posts\/260031\/revisions"}],"wp:featuredmedia":[{"embeddable":true,"href":"https:\/\/tarimhaber.com\/index.php?rest_route=\/wp\/v2\/media\/260032"}],"wp:attachment":[{"href":"https:\/\/tarimhaber.com\/index.php?rest_route=%2Fwp%2Fv2%2Fmedia&parent=260031"}],"wp:term":[{"taxonomy":"category","embeddable":true,"href":"https:\/\/tarimhaber.com\/index.php?rest_route=%2Fwp%2Fv2%2Fcategories&post=260031"},{"taxonomy":"post_tag","embeddable":true,"href":"https:\/\/tarimhaber.com\/index.php?rest_route=%2Fwp%2Fv2%2Ftags&post=260031"}],"curies":[{"name":"wp","href":"https:\/\/api.w.org\/{rel}","templated":true}]}}