{"id":260179,"date":"2026-03-05T13:26:39","date_gmt":"2026-03-05T13:26:39","guid":{"rendered":"http:\/\/tarimhaber.com\/?p=260179"},"modified":"2026-03-05T13:26:39","modified_gmt":"2026-03-05T13:26:39","slug":"emekli-bayram-ikramiyesi-ne-kadar-2026-emekli-bayram-ikramiyesi-zamlanacak-mi-artacak-mi","status":"publish","type":"post","link":"https:\/\/tarimhaber.com\/?p=260179","title":{"rendered":"Emekli bayram ikramiyesi ne kadar 2026? Emekli bayram ikramiyesi zamlanacak m\u0131, artacak m\u0131?"},"content":{"rendered":"<p>Emekli bayram ikramiyesi zamlanacak m\u0131, artacak m\u0131? Mart ay\u0131n\u0131n ba\u015flamas\u0131yla birlikte milyonlarca emeklinin g\u00f6z\u00fc, 2026 Ramazan Bayram\u0131 \u00f6ncesi yap\u0131lacak emekli bayram ikramiyesi \u00f6demelerine \u00e7evrildi. Her y\u0131l SSK, Ba\u011f-Kur, tar\u0131m ve Emekli Sand\u0131\u011f\u0131 kapsam\u0131ndaki emeklilere y\u0131lda iki kez \u00f6denen bu ikramiye, hem maddi destek hem de bayram co\u015fkusunu art\u0131ran \u00f6nemli bir hak olarak \u00f6ne \u00e7\u0131k\u0131yor. Emekli bayram ikramiyesi ne kadar 2026? Detaylar&#8230;<\/p>\n<p>Kaynak: <a href=\"https:\/\/www.haberler.com\/haber\/emekli-bayram-ikramiyesi-ne-kadar-2026-emekli-19627656-haberi\/\" target=\"_blank\" class=\"feedzy-rss-link-icon\">Read More<\/a><\/p>","protected":false},"excerpt":{"rendered":"<p>Emekli bayram ikramiyesi zamlanacak m\u0131, artacak m\u0131? Mart ay\u0131n\u0131n ba\u015flamas\u0131yla birlikte milyonlarca emeklinin g\u00f6z\u00fc, 2026 Ramazan Bayram\u0131 \u00f6ncesi yap\u0131lacak emekli bayram ikramiyesi \u00f6demelerine \u00e7evrildi. Her y\u0131l SSK, Ba\u011f-Kur, tar\u0131m ve&hellip;<\/p>\n","protected":false},"author":0,"featured_media":260180,"comment_status":"open","ping_status":"open","sticky":false,"template":"","format":"standard","meta":{"footnotes":""},"categories":[4200],"tags":[],"class_list":["post-260179","post","type-post","status-publish","format-standard","has-post-thumbnail","hentry","category-guncel-haberler"],"_links":{"self":[{"href":"https:\/\/tarimhaber.com\/index.php?rest_route=\/wp\/v2\/posts\/260179","targetHints":{"allow":["GET"]}}],"collection":[{"href":"https:\/\/tarimhaber.com\/index.php?rest_route=\/wp\/v2\/posts"}],"about":[{"href":"https:\/\/tarimhaber.com\/index.php?rest_route=\/wp\/v2\/types\/post"}],"replies":[{"embeddable":true,"href":"https:\/\/tarimhaber.com\/index.php?rest_route=%2Fwp%2Fv2%2Fcomments&post=260179"}],"version-history":[{"count":0,"href":"https:\/\/tarimhaber.com\/index.php?rest_route=\/wp\/v2\/posts\/260179\/revisions"}],"wp:featuredmedia":[{"embeddable":true,"href":"https:\/\/tarimhaber.com\/index.php?rest_route=\/wp\/v2\/media\/260180"}],"wp:attachment":[{"href":"https:\/\/tarimhaber.com\/index.php?rest_route=%2Fwp%2Fv2%2Fmedia&parent=260179"}],"wp:term":[{"taxonomy":"category","embeddable":true,"href":"https:\/\/tarimhaber.com\/index.php?rest_route=%2Fwp%2Fv2%2Fcategories&post=260179"},{"taxonomy":"post_tag","embeddable":true,"href":"https:\/\/tarimhaber.com\/index.php?rest_route=%2Fwp%2Fv2%2Ftags&post=260179"}],"curies":[{"name":"wp","href":"https:\/\/api.w.org\/{rel}","templated":true}]}}