{"id":260309,"date":"2026-03-06T12:26:17","date_gmt":"2026-03-06T12:26:17","guid":{"rendered":"https:\/\/tarimhaber.com\/?p=260309"},"modified":"2026-03-06T12:26:17","modified_gmt":"2026-03-06T12:26:17","slug":"hakkaride-15-uluslararasi-tarim-orman-ve-insan-fotograf-sergisi-acildi","status":"publish","type":"post","link":"https:\/\/tarimhaber.com\/?p=260309","title":{"rendered":"Hakkari&apos;de &quot;15. Uluslararas\u0131 Tar\u0131m, Orman ve \u0130nsan&quot; foto\u011fraf sergisi a\u00e7\u0131ld\u0131"},"content":{"rendered":"<p>Hakkari&#8217;de d\u00fczenlenen 15. Uluslararas\u0131 Tar\u0131m, Orman ve \u0130nsan Foto\u011fraf Sergisi, 175 eser ile ziyaret\u00e7ilerini a\u011f\u0131rl\u0131yor. Sergi, 2009&#8217;dan beri d\u00fczenleniyor ve g\u00fcn boyunca a\u00e7\u0131k kalacak.<\/p>\n<p>Kaynak: <a href=\"https:\/\/www.haberler.com\/guncel\/hakkari-de-15-uluslararasi-tarim-orman-ve-insan-fotograf-sergisi-acildi-19630896-haberi\/\" target=\"_blank\" class=\"feedzy-rss-link-icon\">Read More<\/a><\/p>","protected":false},"excerpt":{"rendered":"<p>Hakkari&#8217;de d\u00fczenlenen 15. Uluslararas\u0131 Tar\u0131m, Orman ve \u0130nsan Foto\u011fraf Sergisi, 175 eser ile ziyaret\u00e7ilerini a\u011f\u0131rl\u0131yor. Sergi, 2009&#8217;dan beri d\u00fczenleniyor ve g\u00fcn boyunca a\u00e7\u0131k kalacak. Kaynak: Read More<\/p>\n","protected":false},"author":0,"featured_media":260310,"comment_status":"open","ping_status":"open","sticky":false,"template":"","format":"standard","meta":{"footnotes":""},"categories":[4200],"tags":[],"class_list":["post-260309","post","type-post","status-publish","format-standard","has-post-thumbnail","hentry","category-guncel-haberler"],"_links":{"self":[{"href":"https:\/\/tarimhaber.com\/index.php?rest_route=\/wp\/v2\/posts\/260309","targetHints":{"allow":["GET"]}}],"collection":[{"href":"https:\/\/tarimhaber.com\/index.php?rest_route=\/wp\/v2\/posts"}],"about":[{"href":"https:\/\/tarimhaber.com\/index.php?rest_route=\/wp\/v2\/types\/post"}],"replies":[{"embeddable":true,"href":"https:\/\/tarimhaber.com\/index.php?rest_route=%2Fwp%2Fv2%2Fcomments&post=260309"}],"version-history":[{"count":0,"href":"https:\/\/tarimhaber.com\/index.php?rest_route=\/wp\/v2\/posts\/260309\/revisions"}],"wp:featuredmedia":[{"embeddable":true,"href":"https:\/\/tarimhaber.com\/index.php?rest_route=\/wp\/v2\/media\/260310"}],"wp:attachment":[{"href":"https:\/\/tarimhaber.com\/index.php?rest_route=%2Fwp%2Fv2%2Fmedia&parent=260309"}],"wp:term":[{"taxonomy":"category","embeddable":true,"href":"https:\/\/tarimhaber.com\/index.php?rest_route=%2Fwp%2Fv2%2Fcategories&post=260309"},{"taxonomy":"post_tag","embeddable":true,"href":"https:\/\/tarimhaber.com\/index.php?rest_route=%2Fwp%2Fv2%2Ftags&post=260309"}],"curies":[{"name":"wp","href":"https:\/\/api.w.org\/{rel}","templated":true}]}}