{"id":260311,"date":"2026-03-06T12:26:18","date_gmt":"2026-03-06T12:26:18","guid":{"rendered":"https:\/\/tarimhaber.com\/?p=260311"},"modified":"2026-03-06T12:26:18","modified_gmt":"2026-03-06T12:26:18","slug":"2-trilyon-dolari-yonetiyordu-simdi-3-kisiyle-domates-satacak","status":"publish","type":"post","link":"https:\/\/tarimhaber.com\/?p=260311","title":{"rendered":"2 trilyon dolar\u0131 y\u00f6netiyordu, \u015fimdi 3 ki\u015fiyle domates satacak"},"content":{"rendered":"<p>D\u00fcnyan\u0131n en b\u00fcy\u00fck emeklilik fonlar\u0131ndan birinin ba\u015fkanl\u0131\u011f\u0131n\u0131 yapan Masataka Miyazono, finans sekt\u00f6r\u00fcndeki kariyerinin ard\u0131ndan rotas\u0131n\u0131 tar\u0131ma \u00e7evirdi. 72 ya\u015f\u0131ndaki Miyazono, tar\u0131m\u0131n gelecekte stratejik \u00f6nem ta\u015f\u0131d\u0131\u011f\u0131na dikkat \u00e7ekerek domates ve \u00e7ilek \u00fcretimi yapan bir \u015firkete dan\u0131\u015fmanl\u0131k yapmaya ba\u015flad\u0131. Yakla\u015f\u0131k 2 trilyon dolarl\u0131k varl\u0131\u011f\u0131 y\u00f6neten Miyazono, \u015fimdi \u00fc\u00e7 ki\u015filik ekip y\u00f6netecek.<\/p>\n<p>Kaynak: <a href=\"https:\/\/www.haberler.com\/is-dunyasi\/2-trilyon-dolari-yonetiyordu-simdi-3-kisiyle-19630864-haberi\/\" target=\"_blank\" class=\"feedzy-rss-link-icon\">Read More<\/a><\/p>","protected":false},"excerpt":{"rendered":"<p>D\u00fcnyan\u0131n en b\u00fcy\u00fck emeklilik fonlar\u0131ndan birinin ba\u015fkanl\u0131\u011f\u0131n\u0131 yapan Masataka Miyazono, finans sekt\u00f6r\u00fcndeki kariyerinin ard\u0131ndan rotas\u0131n\u0131 tar\u0131ma \u00e7evirdi. 72 ya\u015f\u0131ndaki Miyazono, tar\u0131m\u0131n gelecekte stratejik \u00f6nem ta\u015f\u0131d\u0131\u011f\u0131na dikkat \u00e7ekerek domates ve \u00e7ilek&hellip;<\/p>\n","protected":false},"author":0,"featured_media":260312,"comment_status":"open","ping_status":"open","sticky":false,"template":"","format":"standard","meta":{"footnotes":""},"categories":[4200],"tags":[],"class_list":["post-260311","post","type-post","status-publish","format-standard","has-post-thumbnail","hentry","category-guncel-haberler"],"_links":{"self":[{"href":"https:\/\/tarimhaber.com\/index.php?rest_route=\/wp\/v2\/posts\/260311","targetHints":{"allow":["GET"]}}],"collection":[{"href":"https:\/\/tarimhaber.com\/index.php?rest_route=\/wp\/v2\/posts"}],"about":[{"href":"https:\/\/tarimhaber.com\/index.php?rest_route=\/wp\/v2\/types\/post"}],"replies":[{"embeddable":true,"href":"https:\/\/tarimhaber.com\/index.php?rest_route=%2Fwp%2Fv2%2Fcomments&post=260311"}],"version-history":[{"count":0,"href":"https:\/\/tarimhaber.com\/index.php?rest_route=\/wp\/v2\/posts\/260311\/revisions"}],"wp:featuredmedia":[{"embeddable":true,"href":"https:\/\/tarimhaber.com\/index.php?rest_route=\/wp\/v2\/media\/260312"}],"wp:attachment":[{"href":"https:\/\/tarimhaber.com\/index.php?rest_route=%2Fwp%2Fv2%2Fmedia&parent=260311"}],"wp:term":[{"taxonomy":"category","embeddable":true,"href":"https:\/\/tarimhaber.com\/index.php?rest_route=%2Fwp%2Fv2%2Fcategories&post=260311"},{"taxonomy":"post_tag","embeddable":true,"href":"https:\/\/tarimhaber.com\/index.php?rest_route=%2Fwp%2Fv2%2Ftags&post=260311"}],"curies":[{"name":"wp","href":"https:\/\/api.w.org\/{rel}","templated":true}]}}