{"id":260325,"date":"2026-03-06T14:25:30","date_gmt":"2026-03-06T14:25:30","guid":{"rendered":"http:\/\/tarimhaber.com\/?p=260325"},"modified":"2026-03-06T14:25:30","modified_gmt":"2026-03-06T14:25:30","slug":"abdde-tarim-disi-istihdam-subatta-beklentileri-karsilayamadi","status":"publish","type":"post","link":"https:\/\/tarimhaber.com\/?p=260325","title":{"rendered":"ABD&apos;de tar\u0131m d\u0131\u015f\u0131 istihdam \u015fubatta beklentileri kar\u015f\u0131layamad\u0131"},"content":{"rendered":"<p>ABD&#8217;de \u015fubat ay\u0131 tar\u0131m d\u0131\u015f\u0131 istihdam\u0131 92 bin ki\u015fi azald\u0131, i\u015fsizlik oran\u0131 ise y\u00fczde 4,4&#8217;e y\u00fckseldi. Piyasa beklentileri alt\u0131nda kalan istihdam verileri, sa\u011fl\u0131k sekt\u00f6r\u00fcndeki grevler ve di\u011fer sekt\u00f6rlerdeki d\u00fc\u015f\u00fc\u015flerle \u015fekillendi.<\/p>\n<p>Kaynak: <a href=\"https:\/\/www.haberler.com\/ekonomi\/abd-de-tarim-disi-istihdamda-beklenmedik-dusus-ve-artan-issizlik-orani-19631437-haberi\/\" target=\"_blank\" class=\"feedzy-rss-link-icon\">Read More<\/a><\/p>","protected":false},"excerpt":{"rendered":"<p>ABD&#8217;de \u015fubat ay\u0131 tar\u0131m d\u0131\u015f\u0131 istihdam\u0131 92 bin ki\u015fi azald\u0131, i\u015fsizlik oran\u0131 ise y\u00fczde 4,4&#8217;e y\u00fckseldi. Piyasa beklentileri alt\u0131nda kalan istihdam verileri, sa\u011fl\u0131k sekt\u00f6r\u00fcndeki grevler ve di\u011fer sekt\u00f6rlerdeki d\u00fc\u015f\u00fc\u015flerle \u015fekillendi.&hellip;<\/p>\n","protected":false},"author":0,"featured_media":0,"comment_status":"open","ping_status":"open","sticky":false,"template":"","format":"standard","meta":{"footnotes":""},"categories":[4200],"tags":[],"class_list":["post-260325","post","type-post","status-publish","format-standard","hentry","category-guncel-haberler"],"_links":{"self":[{"href":"https:\/\/tarimhaber.com\/index.php?rest_route=\/wp\/v2\/posts\/260325","targetHints":{"allow":["GET"]}}],"collection":[{"href":"https:\/\/tarimhaber.com\/index.php?rest_route=\/wp\/v2\/posts"}],"about":[{"href":"https:\/\/tarimhaber.com\/index.php?rest_route=\/wp\/v2\/types\/post"}],"replies":[{"embeddable":true,"href":"https:\/\/tarimhaber.com\/index.php?rest_route=%2Fwp%2Fv2%2Fcomments&post=260325"}],"version-history":[{"count":0,"href":"https:\/\/tarimhaber.com\/index.php?rest_route=\/wp\/v2\/posts\/260325\/revisions"}],"wp:attachment":[{"href":"https:\/\/tarimhaber.com\/index.php?rest_route=%2Fwp%2Fv2%2Fmedia&parent=260325"}],"wp:term":[{"taxonomy":"category","embeddable":true,"href":"https:\/\/tarimhaber.com\/index.php?rest_route=%2Fwp%2Fv2%2Fcategories&post=260325"},{"taxonomy":"post_tag","embeddable":true,"href":"https:\/\/tarimhaber.com\/index.php?rest_route=%2Fwp%2Fv2%2Ftags&post=260325"}],"curies":[{"name":"wp","href":"https:\/\/api.w.org\/{rel}","templated":true}]}}