{"id":260326,"date":"2026-03-06T14:25:30","date_gmt":"2026-03-06T14:25:30","guid":{"rendered":"http:\/\/tarimhaber.com\/?p=260326"},"modified":"2026-03-06T14:25:30","modified_gmt":"2026-03-06T14:25:30","slug":"abdde-tarim-disi-istihdam-subatta-92-bin-kisi-azalirken-issizlik-orani-yuzde-43ten-yuzde-44e-yukseldi","status":"publish","type":"post","link":"https:\/\/tarimhaber.com\/?p=260326","title":{"rendered":"ABD&apos;de tar\u0131m d\u0131\u015f\u0131 istihdam \u015fubatta 92 bin ki\u015fi azal\u0131rken, i\u015fsizlik oran\u0131 y\u00fczde 4,3&apos;ten y\u00fczde 4,4&apos;e y\u00fckseldi"},"content":{"rendered":"<p>ABD&#8217;de tar\u0131m d\u0131\u015f\u0131 istihdam \u015fubatta 92 bin ki\u015fi azal\u0131rken, i\u015fsizlik oran\u0131 y\u00fczde 4,3&#8217;ten y\u00fczde 4,4&#8217;e y\u00fckseldi.<\/p>\n<p>Kaynak: <a href=\"https:\/\/www.haberler.com\/ekonomi\/abd-de-tarim-disi-istihdam-subatta-92-bin-kisi-19631349-haberi\/\" target=\"_blank\" class=\"feedzy-rss-link-icon\">Read More<\/a><\/p>","protected":false},"excerpt":{"rendered":"<p>ABD&#8217;de tar\u0131m d\u0131\u015f\u0131 istihdam \u015fubatta 92 bin ki\u015fi azal\u0131rken, i\u015fsizlik oran\u0131 y\u00fczde 4,3&#8217;ten y\u00fczde 4,4&#8217;e y\u00fckseldi. Kaynak: Read More<\/p>\n","protected":false},"author":0,"featured_media":0,"comment_status":"open","ping_status":"open","sticky":false,"template":"","format":"standard","meta":{"footnotes":""},"categories":[4200],"tags":[],"class_list":["post-260326","post","type-post","status-publish","format-standard","hentry","category-guncel-haberler"],"_links":{"self":[{"href":"https:\/\/tarimhaber.com\/index.php?rest_route=\/wp\/v2\/posts\/260326","targetHints":{"allow":["GET"]}}],"collection":[{"href":"https:\/\/tarimhaber.com\/index.php?rest_route=\/wp\/v2\/posts"}],"about":[{"href":"https:\/\/tarimhaber.com\/index.php?rest_route=\/wp\/v2\/types\/post"}],"replies":[{"embeddable":true,"href":"https:\/\/tarimhaber.com\/index.php?rest_route=%2Fwp%2Fv2%2Fcomments&post=260326"}],"version-history":[{"count":0,"href":"https:\/\/tarimhaber.com\/index.php?rest_route=\/wp\/v2\/posts\/260326\/revisions"}],"wp:attachment":[{"href":"https:\/\/tarimhaber.com\/index.php?rest_route=%2Fwp%2Fv2%2Fmedia&parent=260326"}],"wp:term":[{"taxonomy":"category","embeddable":true,"href":"https:\/\/tarimhaber.com\/index.php?rest_route=%2Fwp%2Fv2%2Fcategories&post=260326"},{"taxonomy":"post_tag","embeddable":true,"href":"https:\/\/tarimhaber.com\/index.php?rest_route=%2Fwp%2Fv2%2Ftags&post=260326"}],"curies":[{"name":"wp","href":"https:\/\/api.w.org\/{rel}","templated":true}]}}