{"id":260334,"date":"2026-03-06T15:26:20","date_gmt":"2026-03-06T15:26:20","guid":{"rendered":"http:\/\/tarimhaber.com\/?p=260334"},"modified":"2026-03-06T15:26:20","modified_gmt":"2026-03-06T15:26:20","slug":"kuresel-gida-fiyatlarinda-5-ay-sonra-ilk-artis","status":"publish","type":"post","link":"https:\/\/tarimhaber.com\/?p=260334","title":{"rendered":"K\u00fcresel g\u0131da fiyatlar\u0131nda 5 ay sonra ilk art\u0131\u015f"},"content":{"rendered":"<p>K\u00fcresel g\u0131da piyasalar\u0131nda aylard\u0131r s\u00fcren d\u00fc\u015f\u00fc\u015f e\u011filimi \u015fubat ay\u0131nda yerini k\u00fc\u00e7\u00fck bir art\u0131\u015fa b\u0131rakt\u0131. Birle\u015fmi\u015f Milletler G\u0131da ve Tar\u0131m \u00d6rg\u00fct\u00fc verilerine g\u00f6re, tah\u0131l, et ve bitkisel ya\u011f fiyatlar\u0131ndaki y\u00fckseli\u015f k\u00fcresel g\u0131da fiyatlar\u0131n\u0131 yukar\u0131 \u00e7ekti. Kurumun yay\u0131mlad\u0131\u011f\u0131 g\u0131da fiyat endeksi, be\u015f ay aradan sonra ilk kez art\u0131\u015f g\u00f6stererek uluslararas\u0131 piyasalarda g\u0131da fiyatlar\u0131n\u0131n yeniden hareketlenmeye ba\u015flad\u0131\u011f\u0131na i\u015faret etti.<\/p>\n<p>Kaynak: <a href=\"https:\/\/www.haberler.com\/ekonomi\/kuresel-gida-fiyatlari-subatta-yuzde-0-9-artis-gosterdi-19631400-haberi\/\" target=\"_blank\" class=\"feedzy-rss-link-icon\">Read More<\/a><\/p>","protected":false},"excerpt":{"rendered":"<p>K\u00fcresel g\u0131da piyasalar\u0131nda aylard\u0131r s\u00fcren d\u00fc\u015f\u00fc\u015f e\u011filimi \u015fubat ay\u0131nda yerini k\u00fc\u00e7\u00fck bir art\u0131\u015fa b\u0131rakt\u0131. Birle\u015fmi\u015f Milletler G\u0131da ve Tar\u0131m \u00d6rg\u00fct\u00fc verilerine g\u00f6re, tah\u0131l, et ve bitkisel ya\u011f fiyatlar\u0131ndaki y\u00fckseli\u015f k\u00fcresel&hellip;<\/p>\n","protected":false},"author":0,"featured_media":260335,"comment_status":"open","ping_status":"open","sticky":false,"template":"","format":"standard","meta":{"footnotes":""},"categories":[4200],"tags":[],"class_list":["post-260334","post","type-post","status-publish","format-standard","has-post-thumbnail","hentry","category-guncel-haberler"],"_links":{"self":[{"href":"https:\/\/tarimhaber.com\/index.php?rest_route=\/wp\/v2\/posts\/260334","targetHints":{"allow":["GET"]}}],"collection":[{"href":"https:\/\/tarimhaber.com\/index.php?rest_route=\/wp\/v2\/posts"}],"about":[{"href":"https:\/\/tarimhaber.com\/index.php?rest_route=\/wp\/v2\/types\/post"}],"replies":[{"embeddable":true,"href":"https:\/\/tarimhaber.com\/index.php?rest_route=%2Fwp%2Fv2%2Fcomments&post=260334"}],"version-history":[{"count":0,"href":"https:\/\/tarimhaber.com\/index.php?rest_route=\/wp\/v2\/posts\/260334\/revisions"}],"wp:featuredmedia":[{"embeddable":true,"href":"https:\/\/tarimhaber.com\/index.php?rest_route=\/wp\/v2\/media\/260335"}],"wp:attachment":[{"href":"https:\/\/tarimhaber.com\/index.php?rest_route=%2Fwp%2Fv2%2Fmedia&parent=260334"}],"wp:term":[{"taxonomy":"category","embeddable":true,"href":"https:\/\/tarimhaber.com\/index.php?rest_route=%2Fwp%2Fv2%2Fcategories&post=260334"},{"taxonomy":"post_tag","embeddable":true,"href":"https:\/\/tarimhaber.com\/index.php?rest_route=%2Fwp%2Fv2%2Ftags&post=260334"}],"curies":[{"name":"wp","href":"https:\/\/api.w.org\/{rel}","templated":true}]}}