{"id":2604,"date":"2011-01-30T08:56:01","date_gmt":"2011-01-30T08:56:01","guid":{"rendered":"http:\/\/tarimhaber.com\/?p=2604"},"modified":"2011-01-30T08:56:01","modified_gmt":"2011-01-30T08:56:01","slug":"tarim-alanindaki-tezler-internete-aktarilacak","status":"publish","type":"post","link":"https:\/\/tarimhaber.com\/?p=2604","title":{"rendered":"Tar\u0131m alan\u0131ndaki tezler internete aktar\u0131lacak"},"content":{"rendered":"<p>Tar\u0131m ve K\u00f6yi\u015fleri Bakanl\u0131\u011f\u0131 Yay\u0131n Dairesi Ba\u015fkanl\u0131\u011f\u0131 ile Y\u00fcksek \u00d6\u011fretim Kurulu Ba\u015fkanl\u0131\u011f\u0131 (Y\u00d6K) aras\u0131nda yap\u0131lan i\u015fbirli\u011fi \u00e7er\u00e7evesinde T\u00fcrkiye`de tar\u0131m ve g\u0131da konular\u0131nda haz\u0131rlanan akademik tezlerin, uluslararas\u0131 AGRIS veri taban\u0131na aktar\u0131laca\u011f\u0131 ifade edilen a\u00e7\u0131klamada, tar\u0131m ve g\u0131da konular\u0131nda bilgi al\u0131\u015fveri\u015fini kolayla\u015ft\u0131rmak ve yayg\u0131nla\u015ft\u0131rmak amac\u0131yla Birle\u015fmi\u015f Milletler G\u0131da ve Tar\u0131m \u00d6rg\u00fct\u00fc (FAO) taraf\u0131ndan kurulan AGRIS`in, zengin i\u00e7eri\u011fe sahip a\u00e7\u0131k bilgi sistemi oldu\u011fu kaydedildi.<\/p>\n","protected":false},"excerpt":{"rendered":"<p>Tar\u0131m ve K\u00f6yi\u015fleri Bakanl\u0131\u011f\u0131 Yay\u0131n Dairesi Ba\u015fkanl\u0131\u011f\u0131 ile Y\u00fcksek \u00d6\u011fretim Kurulu Ba\u015fkanl\u0131\u011f\u0131 (Y\u00d6K) aras\u0131nda yap\u0131lan i\u015fbirli\u011fi \u00e7er\u00e7evesinde T\u00fcrkiye`de tar\u0131m ve g\u0131da konular\u0131nda haz\u0131rlanan akademik tezlerin, uluslararas\u0131 AGRIS veri taban\u0131na aktar\u0131laca\u011f\u0131&hellip;<\/p>\n","protected":false},"author":1,"featured_media":0,"comment_status":"open","ping_status":"open","sticky":false,"template":"","format":"standard","meta":{"footnotes":""},"categories":[2],"tags":[3487],"class_list":["post-2604","post","type-post","status-publish","format-standard","hentry","category-tarimgentr","tag-http-www-zaman-com-tr-haber-dohaberno1086510titletarim-alanindaki-tezler-internete-aktarilacak"],"_links":{"self":[{"href":"https:\/\/tarimhaber.com\/index.php?rest_route=\/wp\/v2\/posts\/2604","targetHints":{"allow":["GET"]}}],"collection":[{"href":"https:\/\/tarimhaber.com\/index.php?rest_route=\/wp\/v2\/posts"}],"about":[{"href":"https:\/\/tarimhaber.com\/index.php?rest_route=\/wp\/v2\/types\/post"}],"author":[{"embeddable":true,"href":"https:\/\/tarimhaber.com\/index.php?rest_route=\/wp\/v2\/users\/1"}],"replies":[{"embeddable":true,"href":"https:\/\/tarimhaber.com\/index.php?rest_route=%2Fwp%2Fv2%2Fcomments&post=2604"}],"version-history":[{"count":0,"href":"https:\/\/tarimhaber.com\/index.php?rest_route=\/wp\/v2\/posts\/2604\/revisions"}],"wp:attachment":[{"href":"https:\/\/tarimhaber.com\/index.php?rest_route=%2Fwp%2Fv2%2Fmedia&parent=2604"}],"wp:term":[{"taxonomy":"category","embeddable":true,"href":"https:\/\/tarimhaber.com\/index.php?rest_route=%2Fwp%2Fv2%2Fcategories&post=2604"},{"taxonomy":"post_tag","embeddable":true,"href":"https:\/\/tarimhaber.com\/index.php?rest_route=%2Fwp%2Fv2%2Ftags&post=2604"}],"curies":[{"name":"wp","href":"https:\/\/api.w.org\/{rel}","templated":true}]}}