{"id":260437,"date":"2026-03-07T09:26:31","date_gmt":"2026-03-07T09:26:31","guid":{"rendered":"https:\/\/tarimhaber.com\/?p=260437"},"modified":"2026-03-07T09:26:31","modified_gmt":"2026-03-07T09:26:31","slug":"bakanlar-yumakli-ve-tekin-bir-araya-geldi","status":"publish","type":"post","link":"https:\/\/tarimhaber.com\/?p=260437","title":{"rendered":"Bakanlar Yumakl\u0131 ve Tekin bir araya geldi"},"content":{"rendered":"<p>Tar\u0131m ve Orman Bakan\u0131 \u0130brahim Yumakl\u0131, Milli E\u011fitim Bakan\u0131 Yusuf Tekin ile tar\u0131msal e\u011fitim \u00fczerine verimli bir toplant\u0131 ger\u00e7ekle\u015ftirdi. Bakan Yumakl\u0131, tar\u0131m e\u011fitimini daha g\u00fc\u00e7l\u00fc hale getirme hedefinde olduklar\u0131n\u0131 belirtti.<\/p>\n<p>Kaynak: <a href=\"https:\/\/www.haberler.com\/ekonomi\/tarim-ve-egitimde-isbirligi-bakanlar-gorustu-19633452-haberi\/\" target=\"_blank\" class=\"feedzy-rss-link-icon\">Read More<\/a><\/p>","protected":false},"excerpt":{"rendered":"<p>Tar\u0131m ve Orman Bakan\u0131 \u0130brahim Yumakl\u0131, Milli E\u011fitim Bakan\u0131 Yusuf Tekin ile tar\u0131msal e\u011fitim \u00fczerine verimli bir toplant\u0131 ger\u00e7ekle\u015ftirdi. Bakan Yumakl\u0131, tar\u0131m e\u011fitimini daha g\u00fc\u00e7l\u00fc hale getirme hedefinde olduklar\u0131n\u0131 belirtti.&hellip;<\/p>\n","protected":false},"author":0,"featured_media":0,"comment_status":"open","ping_status":"open","sticky":false,"template":"","format":"standard","meta":{"footnotes":""},"categories":[4200],"tags":[],"class_list":["post-260437","post","type-post","status-publish","format-standard","hentry","category-guncel-haberler"],"_links":{"self":[{"href":"https:\/\/tarimhaber.com\/index.php?rest_route=\/wp\/v2\/posts\/260437","targetHints":{"allow":["GET"]}}],"collection":[{"href":"https:\/\/tarimhaber.com\/index.php?rest_route=\/wp\/v2\/posts"}],"about":[{"href":"https:\/\/tarimhaber.com\/index.php?rest_route=\/wp\/v2\/types\/post"}],"replies":[{"embeddable":true,"href":"https:\/\/tarimhaber.com\/index.php?rest_route=%2Fwp%2Fv2%2Fcomments&post=260437"}],"version-history":[{"count":0,"href":"https:\/\/tarimhaber.com\/index.php?rest_route=\/wp\/v2\/posts\/260437\/revisions"}],"wp:attachment":[{"href":"https:\/\/tarimhaber.com\/index.php?rest_route=%2Fwp%2Fv2%2Fmedia&parent=260437"}],"wp:term":[{"taxonomy":"category","embeddable":true,"href":"https:\/\/tarimhaber.com\/index.php?rest_route=%2Fwp%2Fv2%2Fcategories&post=260437"},{"taxonomy":"post_tag","embeddable":true,"href":"https:\/\/tarimhaber.com\/index.php?rest_route=%2Fwp%2Fv2%2Ftags&post=260437"}],"curies":[{"name":"wp","href":"https:\/\/api.w.org\/{rel}","templated":true}]}}