{"id":260471,"date":"2026-03-07T14:25:25","date_gmt":"2026-03-07T14:25:25","guid":{"rendered":"http:\/\/tarimhaber.com\/?p=260471"},"modified":"2026-03-07T14:25:25","modified_gmt":"2026-03-07T14:25:25","slug":"mardinde-yol-kenarindaki-kanala-carpan-kamyonetteki-2-kisi-yaralandi","status":"publish","type":"post","link":"https:\/\/tarimhaber.com\/?p=260471","title":{"rendered":"Mardin&apos;de yol kenar\u0131ndaki kanala \u00e7arpan kamyonetteki 2 ki\u015fi yaraland\u0131"},"content":{"rendered":"<p>Mardin&#8217;in Nusaybin il\u00e7esinde yol kenar\u0131ndaki kanala \u00e7arpan kamyonetteki 2 ki\u015fi yaraland\u0131. Kontrolden \u00e7\u0131kan kamyonetteki tar\u0131m aletleri yola savruldu.<\/p>\n<p>Kaynak: <a href=\"https:\/\/www.haberler.com\/guncel\/mardin-de-kamyonet-kazasi-2-yarali-19634337-haberi\/\" target=\"_blank\" class=\"feedzy-rss-link-icon\">Read More<\/a><\/p>","protected":false},"excerpt":{"rendered":"<p>Mardin&#8217;in Nusaybin il\u00e7esinde yol kenar\u0131ndaki kanala \u00e7arpan kamyonetteki 2 ki\u015fi yaraland\u0131. Kontrolden \u00e7\u0131kan kamyonetteki tar\u0131m aletleri yola savruldu. Kaynak: Read More<\/p>\n","protected":false},"author":0,"featured_media":0,"comment_status":"open","ping_status":"open","sticky":false,"template":"","format":"standard","meta":{"footnotes":""},"categories":[4200],"tags":[],"class_list":["post-260471","post","type-post","status-publish","format-standard","hentry","category-guncel-haberler"],"_links":{"self":[{"href":"https:\/\/tarimhaber.com\/index.php?rest_route=\/wp\/v2\/posts\/260471","targetHints":{"allow":["GET"]}}],"collection":[{"href":"https:\/\/tarimhaber.com\/index.php?rest_route=\/wp\/v2\/posts"}],"about":[{"href":"https:\/\/tarimhaber.com\/index.php?rest_route=\/wp\/v2\/types\/post"}],"replies":[{"embeddable":true,"href":"https:\/\/tarimhaber.com\/index.php?rest_route=%2Fwp%2Fv2%2Fcomments&post=260471"}],"version-history":[{"count":0,"href":"https:\/\/tarimhaber.com\/index.php?rest_route=\/wp\/v2\/posts\/260471\/revisions"}],"wp:attachment":[{"href":"https:\/\/tarimhaber.com\/index.php?rest_route=%2Fwp%2Fv2%2Fmedia&parent=260471"}],"wp:term":[{"taxonomy":"category","embeddable":true,"href":"https:\/\/tarimhaber.com\/index.php?rest_route=%2Fwp%2Fv2%2Fcategories&post=260471"},{"taxonomy":"post_tag","embeddable":true,"href":"https:\/\/tarimhaber.com\/index.php?rest_route=%2Fwp%2Fv2%2Ftags&post=260471"}],"curies":[{"name":"wp","href":"https:\/\/api.w.org\/{rel}","templated":true}]}}