{"id":260601,"date":"2026-03-08T13:25:59","date_gmt":"2026-03-08T13:25:59","guid":{"rendered":"https:\/\/tarimhaber.com\/?p=260601"},"modified":"2026-03-08T13:25:59","modified_gmt":"2026-03-08T13:25:59","slug":"dunya-emekci-kadinlar-gunu-yozgatli-genc-ciftci-buse-koc-koyde-kadinlar-toplaniyoruz","status":"publish","type":"post","link":"https:\/\/tarimhaber.com\/?p=260601","title":{"rendered":"D\u00fcnya Emek\u00e7i Kad\u0131nlar G\u00fcn\u00fc&#8230; Yozgatl\u0131 Gen\u00e7 \u00c7ift\u00e7i Buse Ko\u00e7: &quot;K\u00f6yde Kad\u0131nlar Toplan\u0131yoruz."},"content":{"rendered":"<p>Yozgat&#8217;\u0131n Yerk\u00f6y il\u00e7esine ba\u011fl\u0131 Yukar\u0131 Elmahac\u0131l\u0131 K\u00f6y\u00fc&#8217;nde ya\u015fayan gen\u00e7 \u00e7ift\u00e7i Buse Ko\u00e7, tar\u0131m ve hayvanc\u0131l\u0131k yaparak aile b\u00fct\u00e7esine katk\u0131 sa\u011flarken, bu y\u0131l \u015fekerpancar\u0131 ekiminden vazge\u00e7tiklerini \u00e7\u00fcnk\u00fc maliyetlerin artmas\u0131yla eme\u011finin kar\u015f\u0131l\u0131\u011f\u0131n\u0131 alamad\u0131klar\u0131n\u0131 s\u00f6yledi.<\/p>\n<p>Kaynak: <a href=\"https:\/\/www.haberler.com\/yerel\/genc-ciftci-buse-koc-emegimizin-karsiligini-alamiyoruz-19636862-haberi\/\" target=\"_blank\" class=\"feedzy-rss-link-icon\">Read More<\/a><\/p>","protected":false},"excerpt":{"rendered":"<p>Yozgat&#8217;\u0131n Yerk\u00f6y il\u00e7esine ba\u011fl\u0131 Yukar\u0131 Elmahac\u0131l\u0131 K\u00f6y\u00fc&#8217;nde ya\u015fayan gen\u00e7 \u00e7ift\u00e7i Buse Ko\u00e7, tar\u0131m ve hayvanc\u0131l\u0131k yaparak aile b\u00fct\u00e7esine katk\u0131 sa\u011flarken, bu y\u0131l \u015fekerpancar\u0131 ekiminden vazge\u00e7tiklerini \u00e7\u00fcnk\u00fc maliyetlerin artmas\u0131yla eme\u011finin kar\u015f\u0131l\u0131\u011f\u0131n\u0131&hellip;<\/p>\n","protected":false},"author":0,"featured_media":0,"comment_status":"open","ping_status":"open","sticky":false,"template":"","format":"standard","meta":{"footnotes":""},"categories":[4200],"tags":[],"class_list":["post-260601","post","type-post","status-publish","format-standard","hentry","category-guncel-haberler"],"_links":{"self":[{"href":"https:\/\/tarimhaber.com\/index.php?rest_route=\/wp\/v2\/posts\/260601","targetHints":{"allow":["GET"]}}],"collection":[{"href":"https:\/\/tarimhaber.com\/index.php?rest_route=\/wp\/v2\/posts"}],"about":[{"href":"https:\/\/tarimhaber.com\/index.php?rest_route=\/wp\/v2\/types\/post"}],"replies":[{"embeddable":true,"href":"https:\/\/tarimhaber.com\/index.php?rest_route=%2Fwp%2Fv2%2Fcomments&post=260601"}],"version-history":[{"count":0,"href":"https:\/\/tarimhaber.com\/index.php?rest_route=\/wp\/v2\/posts\/260601\/revisions"}],"wp:attachment":[{"href":"https:\/\/tarimhaber.com\/index.php?rest_route=%2Fwp%2Fv2%2Fmedia&parent=260601"}],"wp:term":[{"taxonomy":"category","embeddable":true,"href":"https:\/\/tarimhaber.com\/index.php?rest_route=%2Fwp%2Fv2%2Fcategories&post=260601"},{"taxonomy":"post_tag","embeddable":true,"href":"https:\/\/tarimhaber.com\/index.php?rest_route=%2Fwp%2Fv2%2Ftags&post=260601"}],"curies":[{"name":"wp","href":"https:\/\/api.w.org\/{rel}","templated":true}]}}