{"id":260785,"date":"2026-03-09T19:26:23","date_gmt":"2026-03-09T19:26:23","guid":{"rendered":"http:\/\/tarimhaber.com\/?p=260785"},"modified":"2026-03-09T19:26:23","modified_gmt":"2026-03-09T19:26:23","slug":"cumhurbaskani-erdogan-17-geleneksel-buyukelciler-iftar-programinda-konustu-aciklamasi","status":"publish","type":"post","link":"https:\/\/tarimhaber.com\/?p=260785","title":{"rendered":"Cumhurba\u015fkan\u0131 Erdo\u011fan, 17. Geleneksel B\u00fcy\u00fckel\u00e7iler \u0130ftar Program\u0131&apos;nda konu\u015ftu A\u00e7\u0131klamas\u0131"},"content":{"rendered":"<p>Cumhurba\u015fkan\u0131 Recep Tayyip Erdo\u011fan, k\u00fcresel g\u0131da g\u00fcvenli\u011fine ili\u015fkin &#8220;G\u0131da ve Tar\u0131m \u00d6rg\u00fct\u00fc ba\u015fta olmak \u00fczere Birle\u015fmi\u015f Milletler kurulu\u015flar\u0131yla yak\u0131n e\u015fg\u00fcd\u00fcm i\u00e7inde bu sorunun \u00e7\u00f6z\u00fcm\u00fc i\u00e7in aktif bir politika y\u00fcr\u00fct\u00fcyoruz.<\/p>\n<p>Kaynak: <a href=\"https:\/\/www.haberler.com\/politika\/cumhurbaskani-erdogan-17-geleneksel-buyukelciler-19641438-haberi\/\" target=\"_blank\" class=\"feedzy-rss-link-icon\">Read More<\/a><\/p>","protected":false},"excerpt":{"rendered":"<p>Cumhurba\u015fkan\u0131 Recep Tayyip Erdo\u011fan, k\u00fcresel g\u0131da g\u00fcvenli\u011fine ili\u015fkin &#8220;G\u0131da ve Tar\u0131m \u00d6rg\u00fct\u00fc ba\u015fta olmak \u00fczere Birle\u015fmi\u015f Milletler kurulu\u015flar\u0131yla yak\u0131n e\u015fg\u00fcd\u00fcm i\u00e7inde bu sorunun \u00e7\u00f6z\u00fcm\u00fc i\u00e7in aktif bir politika y\u00fcr\u00fct\u00fcyoruz. Kaynak:&hellip;<\/p>\n","protected":false},"author":0,"featured_media":260786,"comment_status":"open","ping_status":"open","sticky":false,"template":"","format":"standard","meta":{"footnotes":""},"categories":[4200],"tags":[],"class_list":["post-260785","post","type-post","status-publish","format-standard","has-post-thumbnail","hentry","category-guncel-haberler"],"_links":{"self":[{"href":"https:\/\/tarimhaber.com\/index.php?rest_route=\/wp\/v2\/posts\/260785","targetHints":{"allow":["GET"]}}],"collection":[{"href":"https:\/\/tarimhaber.com\/index.php?rest_route=\/wp\/v2\/posts"}],"about":[{"href":"https:\/\/tarimhaber.com\/index.php?rest_route=\/wp\/v2\/types\/post"}],"replies":[{"embeddable":true,"href":"https:\/\/tarimhaber.com\/index.php?rest_route=%2Fwp%2Fv2%2Fcomments&post=260785"}],"version-history":[{"count":0,"href":"https:\/\/tarimhaber.com\/index.php?rest_route=\/wp\/v2\/posts\/260785\/revisions"}],"wp:featuredmedia":[{"embeddable":true,"href":"https:\/\/tarimhaber.com\/index.php?rest_route=\/wp\/v2\/media\/260786"}],"wp:attachment":[{"href":"https:\/\/tarimhaber.com\/index.php?rest_route=%2Fwp%2Fv2%2Fmedia&parent=260785"}],"wp:term":[{"taxonomy":"category","embeddable":true,"href":"https:\/\/tarimhaber.com\/index.php?rest_route=%2Fwp%2Fv2%2Fcategories&post=260785"},{"taxonomy":"post_tag","embeddable":true,"href":"https:\/\/tarimhaber.com\/index.php?rest_route=%2Fwp%2Fv2%2Ftags&post=260785"}],"curies":[{"name":"wp","href":"https:\/\/api.w.org\/{rel}","templated":true}]}}