{"id":260866,"date":"2026-03-10T10:26:43","date_gmt":"2026-03-10T10:26:43","guid":{"rendered":"http:\/\/tarimhaber.com\/?p=260866"},"modified":"2026-03-10T10:26:43","modified_gmt":"2026-03-10T10:26:43","slug":"diyarbakirli-is-adamlarindan-eski-bakan-ekere-destek","status":"publish","type":"post","link":"https:\/\/tarimhaber.com\/?p=260866","title":{"rendered":"Diyarbak\u0131rl\u0131 i\u015f adamlar\u0131ndan eski Bakan Eker&apos;e destek"},"content":{"rendered":"<p>Cumhurba\u015fkan\u0131 Recep Tayyip Erdo\u011fan&#8217;\u0131n, Temmuz 2027&#8217;de Birle\u015fmi\u015f Milletler G\u0131da ve Tar\u0131m \u00d6rg\u00fct\u00fc (FAO) Genel Direkt\u00f6rl\u00fc\u011f\u00fc i\u00e7in \u00f6nceki d\u00f6nem Tar\u0131m Bakanlar\u0131ndan Mehmet Mehdi Eker&#8217;i aday g\u00f6stermesi Diyarbak\u0131r i\u015f d\u00fcnyas\u0131 taraf\u0131ndan b\u00fcy\u00fck bir memnuniyetle kar\u015f\u0131land\u0131.<\/p>\n<p>Kaynak: <a href=\"https:\/\/www.haberler.com\/politika\/diyarbakirli-is-adamlarindan-eski-bakan-eker-e-19643037-haberi\/\" target=\"_blank\" class=\"feedzy-rss-link-icon\">Read More<\/a><\/p>","protected":false},"excerpt":{"rendered":"<p>Cumhurba\u015fkan\u0131 Recep Tayyip Erdo\u011fan&#8217;\u0131n, Temmuz 2027&#8217;de Birle\u015fmi\u015f Milletler G\u0131da ve Tar\u0131m \u00d6rg\u00fct\u00fc (FAO) Genel Direkt\u00f6rl\u00fc\u011f\u00fc i\u00e7in \u00f6nceki d\u00f6nem Tar\u0131m Bakanlar\u0131ndan Mehmet Mehdi Eker&#8217;i aday g\u00f6stermesi Diyarbak\u0131r i\u015f d\u00fcnyas\u0131 taraf\u0131ndan b\u00fcy\u00fck&hellip;<\/p>\n","protected":false},"author":0,"featured_media":260867,"comment_status":"open","ping_status":"open","sticky":false,"template":"","format":"standard","meta":{"footnotes":""},"categories":[4200],"tags":[],"class_list":["post-260866","post","type-post","status-publish","format-standard","has-post-thumbnail","hentry","category-guncel-haberler"],"_links":{"self":[{"href":"https:\/\/tarimhaber.com\/index.php?rest_route=\/wp\/v2\/posts\/260866","targetHints":{"allow":["GET"]}}],"collection":[{"href":"https:\/\/tarimhaber.com\/index.php?rest_route=\/wp\/v2\/posts"}],"about":[{"href":"https:\/\/tarimhaber.com\/index.php?rest_route=\/wp\/v2\/types\/post"}],"replies":[{"embeddable":true,"href":"https:\/\/tarimhaber.com\/index.php?rest_route=%2Fwp%2Fv2%2Fcomments&post=260866"}],"version-history":[{"count":0,"href":"https:\/\/tarimhaber.com\/index.php?rest_route=\/wp\/v2\/posts\/260866\/revisions"}],"wp:featuredmedia":[{"embeddable":true,"href":"https:\/\/tarimhaber.com\/index.php?rest_route=\/wp\/v2\/media\/260867"}],"wp:attachment":[{"href":"https:\/\/tarimhaber.com\/index.php?rest_route=%2Fwp%2Fv2%2Fmedia&parent=260866"}],"wp:term":[{"taxonomy":"category","embeddable":true,"href":"https:\/\/tarimhaber.com\/index.php?rest_route=%2Fwp%2Fv2%2Fcategories&post=260866"},{"taxonomy":"post_tag","embeddable":true,"href":"https:\/\/tarimhaber.com\/index.php?rest_route=%2Fwp%2Fv2%2Ftags&post=260866"}],"curies":[{"name":"wp","href":"https:\/\/api.w.org\/{rel}","templated":true}]}}