{"id":260892,"date":"2026-03-10T13:26:04","date_gmt":"2026-03-10T13:26:04","guid":{"rendered":"https:\/\/tarimhaber.com\/?p=260892"},"modified":"2026-03-10T13:26:04","modified_gmt":"2026-03-10T13:26:04","slug":"samsunda-tarim-orman-ve-insan-fotograf-sergisi-duzenlendi","status":"publish","type":"post","link":"https:\/\/tarimhaber.com\/?p=260892","title":{"rendered":"Samsun&apos;da &quot;Tar\u0131m, Orman ve \u0130nsan&quot; foto\u011fraf sergisi d\u00fczenlendi"},"content":{"rendered":"<p>Tar\u0131m ve Orman Bakanl\u0131\u011f\u0131nca d\u00fczenlenen &#8220;15. Uluslararas\u0131 Tar\u0131m, Orman ve \u0130nsan Foto\u011fraf Yar\u0131\u015fmas\u0131&#8221;ndan se\u00e7ilen foto\u011fraflar Samsun&#8217;da sergilendi.<\/p>\n<p>Kaynak: <a href=\"https:\/\/www.haberler.com\/kultur-sanat\/samsun-da-tarim-orman-ve-insan-fotograf-sergisi-19643649-haberi\/\" target=\"_blank\" class=\"feedzy-rss-link-icon\">Read More<\/a><\/p>","protected":false},"excerpt":{"rendered":"<p>Tar\u0131m ve Orman Bakanl\u0131\u011f\u0131nca d\u00fczenlenen &#8220;15. Uluslararas\u0131 Tar\u0131m, Orman ve \u0130nsan Foto\u011fraf Yar\u0131\u015fmas\u0131&#8221;ndan se\u00e7ilen foto\u011fraflar Samsun&#8217;da sergilendi. Kaynak: Read More<\/p>\n","protected":false},"author":0,"featured_media":0,"comment_status":"open","ping_status":"open","sticky":false,"template":"","format":"standard","meta":{"footnotes":""},"categories":[4200],"tags":[],"class_list":["post-260892","post","type-post","status-publish","format-standard","hentry","category-guncel-haberler"],"_links":{"self":[{"href":"https:\/\/tarimhaber.com\/index.php?rest_route=\/wp\/v2\/posts\/260892","targetHints":{"allow":["GET"]}}],"collection":[{"href":"https:\/\/tarimhaber.com\/index.php?rest_route=\/wp\/v2\/posts"}],"about":[{"href":"https:\/\/tarimhaber.com\/index.php?rest_route=\/wp\/v2\/types\/post"}],"replies":[{"embeddable":true,"href":"https:\/\/tarimhaber.com\/index.php?rest_route=%2Fwp%2Fv2%2Fcomments&post=260892"}],"version-history":[{"count":0,"href":"https:\/\/tarimhaber.com\/index.php?rest_route=\/wp\/v2\/posts\/260892\/revisions"}],"wp:attachment":[{"href":"https:\/\/tarimhaber.com\/index.php?rest_route=%2Fwp%2Fv2%2Fmedia&parent=260892"}],"wp:term":[{"taxonomy":"category","embeddable":true,"href":"https:\/\/tarimhaber.com\/index.php?rest_route=%2Fwp%2Fv2%2Fcategories&post=260892"},{"taxonomy":"post_tag","embeddable":true,"href":"https:\/\/tarimhaber.com\/index.php?rest_route=%2Fwp%2Fv2%2Ftags&post=260892"}],"curies":[{"name":"wp","href":"https:\/\/api.w.org\/{rel}","templated":true}]}}