{"id":2609,"date":"2011-02-03T15:19:33","date_gmt":"2011-02-03T15:19:33","guid":{"rendered":"http:\/\/tarimhaber.com\/?p=2609"},"modified":"2011-02-03T15:19:33","modified_gmt":"2011-02-03T15:19:33","slug":"antalya-expo-2016ya-dogru","status":"publish","type":"post","link":"https:\/\/tarimhaber.com\/?p=2609","title":{"rendered":"Antalya Expo 2016`ya Do\u011fru"},"content":{"rendered":"<p>Antalya Expo 2016`n\u0131n Yap\u0131laca\u011f\u0131 Alan\u0131n Belirlenmesi \u0130\u00e7in Uluslararas\u0131 Bah\u00e7e \u00dcreticileri Birli\u011fi`nden (a\u0131ph) \u00dc\u00e7 Ki\u015filik Heyetin 18 \u015eubatta Antalya`ya Gelece\u011fi Bildirildi<\/p>\n","protected":false},"excerpt":{"rendered":"<p>Antalya Expo 2016`n\u0131n Yap\u0131laca\u011f\u0131 Alan\u0131n Belirlenmesi \u0130\u00e7in Uluslararas\u0131 Bah\u00e7e \u00dcreticileri Birli\u011fi`nden (a\u0131ph) \u00dc\u00e7 Ki\u015filik Heyetin 18 \u015eubatta Antalya`ya Gelece\u011fi Bildirildi<\/p>\n","protected":false},"author":1,"featured_media":0,"comment_status":"open","ping_status":"open","sticky":false,"template":"","format":"standard","meta":{"footnotes":""},"categories":[2],"tags":[1341],"class_list":["post-2609","post","type-post","status-publish","format-standard","hentry","category-tarimgentr","tag-http-www-haberler-com-antalya-expo-2016-ya-dogru-2513537-haberi"],"_links":{"self":[{"href":"https:\/\/tarimhaber.com\/index.php?rest_route=\/wp\/v2\/posts\/2609","targetHints":{"allow":["GET"]}}],"collection":[{"href":"https:\/\/tarimhaber.com\/index.php?rest_route=\/wp\/v2\/posts"}],"about":[{"href":"https:\/\/tarimhaber.com\/index.php?rest_route=\/wp\/v2\/types\/post"}],"author":[{"embeddable":true,"href":"https:\/\/tarimhaber.com\/index.php?rest_route=\/wp\/v2\/users\/1"}],"replies":[{"embeddable":true,"href":"https:\/\/tarimhaber.com\/index.php?rest_route=%2Fwp%2Fv2%2Fcomments&post=2609"}],"version-history":[{"count":0,"href":"https:\/\/tarimhaber.com\/index.php?rest_route=\/wp\/v2\/posts\/2609\/revisions"}],"wp:attachment":[{"href":"https:\/\/tarimhaber.com\/index.php?rest_route=%2Fwp%2Fv2%2Fmedia&parent=2609"}],"wp:term":[{"taxonomy":"category","embeddable":true,"href":"https:\/\/tarimhaber.com\/index.php?rest_route=%2Fwp%2Fv2%2Fcategories&post=2609"},{"taxonomy":"post_tag","embeddable":true,"href":"https:\/\/tarimhaber.com\/index.php?rest_route=%2Fwp%2Fv2%2Ftags&post=2609"}],"curies":[{"name":"wp","href":"https:\/\/api.w.org\/{rel}","templated":true}]}}