{"id":2623,"date":"2011-02-16T07:24:16","date_gmt":"2011-02-16T07:24:16","guid":{"rendered":"http:\/\/tarimhaber.com\/?p=2623"},"modified":"2011-02-16T07:24:16","modified_gmt":"2011-02-16T07:24:16","slug":"chpnin-tarim-bakani-hakkinda-verdigi-gensoru-onergesi-reddedildi","status":"publish","type":"post","link":"https:\/\/tarimhaber.com\/?p=2623","title":{"rendered":"Chp`nin Tar\u0131m Bakan\u0131 Hakk\u0131nda Verdi\u011fi Gensoru \u00d6nergesi Reddedildi &#8230;"},"content":{"rendered":"<p>CHP`nin Tar\u0131m ve K\u00f6yi\u015fleri Bakan\u0131 Mehdi Eker hakk\u0131nda verdi\u011fi gensoru \u00f6nergesinin g\u00fcndeme al\u0131nmas\u0131 reddedildi. Bakan Eker, T\u00fcrkiye asla net ithalat\u00e7\u0131 de\u011fil, net ihracat\u00e7\u0131d\u0131r. Bunu herkes b\u00f6yle bilsin dedi. TBMM Genel Kurulu, CHP`nin uygulad\u0131\u011f\u0131 tar\u0131msal politikalarla \u00e7ift\u00e7ileri i\u015fsizli\u011fe ve yoksullu\u011fa itti\u011fi, k\u0131rm\u0131z\u0131 et fiyatlar\u0131nda y\u00fckseli\u015fe neden oldu\u011fu, tar\u0131msal \u00fcretimi ve \u00fcreticileri desteklemek yerine ithalat\u0131 te\u015fvik ederek g\u00f6revinin gereklerine ayk\u0131r\u0131 davrand\u0131\u011f\u0131 iddias\u0131yla Tar\u0131m Bakan\u0131 Eker hakk\u0131nda verdi\u011fi gensoru \u00f6nergesinin g\u00fcndeme al\u0131n\u0131p al\u0131nmamas\u0131n\u0131 g\u00f6r\u00fc\u015ft\u00fc.<\/p>\n","protected":false},"excerpt":{"rendered":"<p>CHP`nin Tar\u0131m ve K\u00f6yi\u015fleri Bakan\u0131 Mehdi Eker hakk\u0131nda verdi\u011fi gensoru \u00f6nergesinin g\u00fcndeme al\u0131nmas\u0131 reddedildi. Bakan Eker, T\u00fcrkiye asla net ithalat\u00e7\u0131 de\u011fil, net ihracat\u00e7\u0131d\u0131r. Bunu herkes b\u00f6yle bilsin dedi. TBMM Genel&hellip;<\/p>\n","protected":false},"author":1,"featured_media":0,"comment_status":"open","ping_status":"open","sticky":false,"template":"","format":"standard","meta":{"footnotes":""},"categories":[2],"tags":[640],"class_list":["post-2623","post","type-post","status-publish","format-standard","hentry","category-tarimgentr","tag-http-www-beyazgazete-com-haber-2011-02-15-chp-nin-tarim-bakani-hakkinda-verdigi-gensoru-onergesi-reddedildi-html"],"_links":{"self":[{"href":"https:\/\/tarimhaber.com\/index.php?rest_route=\/wp\/v2\/posts\/2623","targetHints":{"allow":["GET"]}}],"collection":[{"href":"https:\/\/tarimhaber.com\/index.php?rest_route=\/wp\/v2\/posts"}],"about":[{"href":"https:\/\/tarimhaber.com\/index.php?rest_route=\/wp\/v2\/types\/post"}],"author":[{"embeddable":true,"href":"https:\/\/tarimhaber.com\/index.php?rest_route=\/wp\/v2\/users\/1"}],"replies":[{"embeddable":true,"href":"https:\/\/tarimhaber.com\/index.php?rest_route=%2Fwp%2Fv2%2Fcomments&post=2623"}],"version-history":[{"count":0,"href":"https:\/\/tarimhaber.com\/index.php?rest_route=\/wp\/v2\/posts\/2623\/revisions"}],"wp:attachment":[{"href":"https:\/\/tarimhaber.com\/index.php?rest_route=%2Fwp%2Fv2%2Fmedia&parent=2623"}],"wp:term":[{"taxonomy":"category","embeddable":true,"href":"https:\/\/tarimhaber.com\/index.php?rest_route=%2Fwp%2Fv2%2Fcategories&post=2623"},{"taxonomy":"post_tag","embeddable":true,"href":"https:\/\/tarimhaber.com\/index.php?rest_route=%2Fwp%2Fv2%2Ftags&post=2623"}],"curies":[{"name":"wp","href":"https:\/\/api.w.org\/{rel}","templated":true}]}}