{"id":262712,"date":"2026-03-23T14:26:00","date_gmt":"2026-03-23T14:26:00","guid":{"rendered":"https:\/\/tarimhaber.com\/?p=262712"},"modified":"2026-03-23T14:26:00","modified_gmt":"2026-03-23T14:26:00","slug":"kutahyada-tarim-orman-ve-insan-fotograf-sergisi-acildi","status":"publish","type":"post","link":"https:\/\/tarimhaber.com\/?p=262712","title":{"rendered":"K\u00fctahya&apos;da &quot;Tar\u0131m, Orman ve \u0130nsan&quot; foto\u011fraf sergisi a\u00e7\u0131ld\u0131"},"content":{"rendered":"<p>Tar\u0131m ve Orman Bakanl\u0131\u011f\u0131 taraf\u0131ndan d\u00fczenlenen 15. Uluslararas\u0131 Tar\u0131m Orman ve \u0130nsan Foto\u011fraf Yar\u0131\u015fmas\u0131&#8217;na ait se\u00e7ki foto\u011fraflar K\u00fctahya&#8217;daki bir al\u0131\u015fveri\u015f merkezinde sergileniyor. \u0130l Tar\u0131m ve Orman M\u00fcd\u00fcr\u00fc Ertan Kele\u015f, serginin amac\u0131n\u0131 tar\u0131m\u0131n \u00f6nemini vurgulamak olarak belirtti.<\/p>\n<p>Kaynak: <a href=\"https:\/\/www.haberler.com\/guncel\/kutahya-da-15-uluslararasi-tarim-orman-ve-insan-fotograf-sergisi-acildi-19681749-haberi\/\" target=\"_blank\" class=\"feedzy-rss-link-icon\">Read More<\/a><\/p>","protected":false},"excerpt":{"rendered":"<p>Tar\u0131m ve Orman Bakanl\u0131\u011f\u0131 taraf\u0131ndan d\u00fczenlenen 15. Uluslararas\u0131 Tar\u0131m Orman ve \u0130nsan Foto\u011fraf Yar\u0131\u015fmas\u0131&#8217;na ait se\u00e7ki foto\u011fraflar K\u00fctahya&#8217;daki bir al\u0131\u015fveri\u015f merkezinde sergileniyor. \u0130l Tar\u0131m ve Orman M\u00fcd\u00fcr\u00fc Ertan Kele\u015f, serginin&hellip;<\/p>\n","protected":false},"author":0,"featured_media":0,"comment_status":"open","ping_status":"open","sticky":false,"template":"","format":"standard","meta":{"footnotes":""},"categories":[4200],"tags":[],"class_list":["post-262712","post","type-post","status-publish","format-standard","hentry","category-guncel-haberler"],"_links":{"self":[{"href":"https:\/\/tarimhaber.com\/index.php?rest_route=\/wp\/v2\/posts\/262712","targetHints":{"allow":["GET"]}}],"collection":[{"href":"https:\/\/tarimhaber.com\/index.php?rest_route=\/wp\/v2\/posts"}],"about":[{"href":"https:\/\/tarimhaber.com\/index.php?rest_route=\/wp\/v2\/types\/post"}],"replies":[{"embeddable":true,"href":"https:\/\/tarimhaber.com\/index.php?rest_route=%2Fwp%2Fv2%2Fcomments&post=262712"}],"version-history":[{"count":0,"href":"https:\/\/tarimhaber.com\/index.php?rest_route=\/wp\/v2\/posts\/262712\/revisions"}],"wp:attachment":[{"href":"https:\/\/tarimhaber.com\/index.php?rest_route=%2Fwp%2Fv2%2Fmedia&parent=262712"}],"wp:term":[{"taxonomy":"category","embeddable":true,"href":"https:\/\/tarimhaber.com\/index.php?rest_route=%2Fwp%2Fv2%2Fcategories&post=262712"},{"taxonomy":"post_tag","embeddable":true,"href":"https:\/\/tarimhaber.com\/index.php?rest_route=%2Fwp%2Fv2%2Ftags&post=262712"}],"curies":[{"name":"wp","href":"https:\/\/api.w.org\/{rel}","templated":true}]}}