{"id":262819,"date":"2026-03-24T08:25:32","date_gmt":"2026-03-24T08:25:32","guid":{"rendered":"http:\/\/tarimhaber.com\/?p=262819"},"modified":"2026-03-24T08:25:32","modified_gmt":"2026-03-24T08:25:32","slug":"adanada-tarim-arazileri-su-altinda-kaldi-ureticiler-ekim-yapacak-2","status":"publish","type":"post","link":"https:\/\/tarimhaber.com\/?p=262819","title":{"rendered":"Adana&apos;da tar\u0131m arazileri su alt\u0131nda kald\u0131; &apos;\u00dcreticiler ekim yapacak&apos;"},"content":{"rendered":"<p>Ramazan Bayram\u0131 s\u0131ras\u0131nda Adana&#8217;da meydana gelen a\u015f\u0131r\u0131 sa\u011fanak ya\u011f\u0131\u015f ve kar erimesi, tar\u0131m arazilerinin su alt\u0131nda kalmas\u0131na sebep oldu. \u00dcreticiler yeni ekim yapmak zorunda kalacak.<\/p>\n<p>Kaynak: <a href=\"https:\/\/www.haberler.com\/guncel\/adana-da-asiri-yagislar-tarimi-olumsuz-etkiledi-19683575-haberi\/\" target=\"_blank\" class=\"feedzy-rss-link-icon\">Read More<\/a><\/p>","protected":false},"excerpt":{"rendered":"<p>Ramazan Bayram\u0131 s\u0131ras\u0131nda Adana&#8217;da meydana gelen a\u015f\u0131r\u0131 sa\u011fanak ya\u011f\u0131\u015f ve kar erimesi, tar\u0131m arazilerinin su alt\u0131nda kalmas\u0131na sebep oldu. \u00dcreticiler yeni ekim yapmak zorunda kalacak. Kaynak: Read More<\/p>\n","protected":false},"author":0,"featured_media":0,"comment_status":"open","ping_status":"open","sticky":false,"template":"","format":"standard","meta":{"footnotes":""},"categories":[4200],"tags":[],"class_list":["post-262819","post","type-post","status-publish","format-standard","hentry","category-guncel-haberler"],"_links":{"self":[{"href":"https:\/\/tarimhaber.com\/index.php?rest_route=\/wp\/v2\/posts\/262819","targetHints":{"allow":["GET"]}}],"collection":[{"href":"https:\/\/tarimhaber.com\/index.php?rest_route=\/wp\/v2\/posts"}],"about":[{"href":"https:\/\/tarimhaber.com\/index.php?rest_route=\/wp\/v2\/types\/post"}],"replies":[{"embeddable":true,"href":"https:\/\/tarimhaber.com\/index.php?rest_route=%2Fwp%2Fv2%2Fcomments&post=262819"}],"version-history":[{"count":0,"href":"https:\/\/tarimhaber.com\/index.php?rest_route=\/wp\/v2\/posts\/262819\/revisions"}],"wp:attachment":[{"href":"https:\/\/tarimhaber.com\/index.php?rest_route=%2Fwp%2Fv2%2Fmedia&parent=262819"}],"wp:term":[{"taxonomy":"category","embeddable":true,"href":"https:\/\/tarimhaber.com\/index.php?rest_route=%2Fwp%2Fv2%2Fcategories&post=262819"},{"taxonomy":"post_tag","embeddable":true,"href":"https:\/\/tarimhaber.com\/index.php?rest_route=%2Fwp%2Fv2%2Ftags&post=262819"}],"curies":[{"name":"wp","href":"https:\/\/api.w.org\/{rel}","templated":true}]}}