{"id":262842,"date":"2026-03-24T11:25:54","date_gmt":"2026-03-24T11:25:54","guid":{"rendered":"https:\/\/tarimhaber.com\/?p=262842"},"modified":"2026-03-24T11:25:54","modified_gmt":"2026-03-24T11:25:54","slug":"dmmden-hurmuz-bogazindaki-gelismeler-nedeniyle-turkiyede-gida-arzinin-tehlikeye-girdigi-iddialarina-iliskin-aciklama","status":"publish","type":"post","link":"https:\/\/tarimhaber.com\/?p=262842","title":{"rendered":"DMM&apos;den &apos;H\u00fcrm\u00fcz Bo\u011faz\u0131&apos;ndaki geli\u015fmeler nedeniyle T\u00fcrkiye&apos;de g\u0131da arz\u0131n\u0131n tehlikeye girdi\u011fi&apos; iddialar\u0131na ili\u015fkin a\u00e7\u0131klama"},"content":{"rendered":"<p>Cumhurba\u015fkanl\u0131\u011f\u0131 \u0130leti\u015fim Ba\u015fkanl\u0131\u011f\u0131 Dezenformasyonla M\u00fccadele Merkezi, &#8216;H\u00fcrm\u00fcz Bo\u011faz\u0131&#8217;ndaki geli\u015fmeler nedeniyle T\u00fcrkiye&#8217;de g\u00fcbre krizi ya\u015fand\u0131\u011f\u0131 iddialar\u0131n\u0131n ger\u00e7ek d\u0131\u015f\u0131 oldu\u011funu belirtti. Tar\u0131m Bakanl\u0131\u011f\u0131, g\u00fcbre tedarikinde herhangi bir problem olmad\u0131\u011f\u0131n\u0131 vurgulad\u0131.<\/p>\n<p>Kaynak: <a href=\"https:\/\/www.haberler.com\/yerel\/turkiye-de-gubre-krizi-iddialarina-resmi-yanit-19684252-haberi\/\" target=\"_blank\" class=\"feedzy-rss-link-icon\">Read More<\/a><\/p>","protected":false},"excerpt":{"rendered":"<p>Cumhurba\u015fkanl\u0131\u011f\u0131 \u0130leti\u015fim Ba\u015fkanl\u0131\u011f\u0131 Dezenformasyonla M\u00fccadele Merkezi, &#8216;H\u00fcrm\u00fcz Bo\u011faz\u0131&#8217;ndaki geli\u015fmeler nedeniyle T\u00fcrkiye&#8217;de g\u00fcbre krizi ya\u015fand\u0131\u011f\u0131 iddialar\u0131n\u0131n ger\u00e7ek d\u0131\u015f\u0131 oldu\u011funu belirtti. Tar\u0131m Bakanl\u0131\u011f\u0131, g\u00fcbre tedarikinde herhangi bir problem olmad\u0131\u011f\u0131n\u0131 vurgulad\u0131. Kaynak: Read&hellip;<\/p>\n","protected":false},"author":0,"featured_media":0,"comment_status":"open","ping_status":"open","sticky":false,"template":"","format":"standard","meta":{"footnotes":""},"categories":[4200],"tags":[],"class_list":["post-262842","post","type-post","status-publish","format-standard","hentry","category-guncel-haberler"],"_links":{"self":[{"href":"https:\/\/tarimhaber.com\/index.php?rest_route=\/wp\/v2\/posts\/262842","targetHints":{"allow":["GET"]}}],"collection":[{"href":"https:\/\/tarimhaber.com\/index.php?rest_route=\/wp\/v2\/posts"}],"about":[{"href":"https:\/\/tarimhaber.com\/index.php?rest_route=\/wp\/v2\/types\/post"}],"replies":[{"embeddable":true,"href":"https:\/\/tarimhaber.com\/index.php?rest_route=%2Fwp%2Fv2%2Fcomments&post=262842"}],"version-history":[{"count":0,"href":"https:\/\/tarimhaber.com\/index.php?rest_route=\/wp\/v2\/posts\/262842\/revisions"}],"wp:attachment":[{"href":"https:\/\/tarimhaber.com\/index.php?rest_route=%2Fwp%2Fv2%2Fmedia&parent=262842"}],"wp:term":[{"taxonomy":"category","embeddable":true,"href":"https:\/\/tarimhaber.com\/index.php?rest_route=%2Fwp%2Fv2%2Fcategories&post=262842"},{"taxonomy":"post_tag","embeddable":true,"href":"https:\/\/tarimhaber.com\/index.php?rest_route=%2Fwp%2Fv2%2Ftags&post=262842"}],"curies":[{"name":"wp","href":"https:\/\/api.w.org\/{rel}","templated":true}]}}