{"id":2642,"date":"2011-02-21T19:06:24","date_gmt":"2011-02-21T19:06:24","guid":{"rendered":"http:\/\/tarimhaber.com\/?p=2642"},"modified":"2011-02-21T19:06:24","modified_gmt":"2011-02-21T19:06:24","slug":"bakan-eker-ihracat-yapmak-icin-bugday-ithalat-ediyoruz","status":"publish","type":"post","link":"https:\/\/tarimhaber.com\/?p=2642","title":{"rendered":"Bakan Eker: \u0130hracat yapmak i\u00e7in bu\u011fday ithalat ediyoruz"},"content":{"rendered":"<p>Adana \u00c7ift\u00e7iler Birli\u011fi`nde bir konu\u015fma yapan Tar\u0131m ve K\u00f6yi\u015fleri Bakan\u0131 Mehdi Eker, Tar\u0131m sekt\u00f6r\u00fcne y\u00f6nelik, kendileri taraf\u0131ndan Cumhuriyet tarihinde g\u00f6r\u00fclmemi\u015f destekler verdiklerini belirterek her zaman \u00e7ift\u00e7inin ve \u00fcreticinin yan\u0131nda olduklar\u0131n\u0131 s\u00f6yledi.<\/p>\n","protected":false},"excerpt":{"rendered":"<p>Adana \u00c7ift\u00e7iler Birli\u011fi`nde bir konu\u015fma yapan Tar\u0131m ve K\u00f6yi\u015fleri Bakan\u0131 Mehdi Eker, Tar\u0131m sekt\u00f6r\u00fcne y\u00f6nelik, kendileri taraf\u0131ndan Cumhuriyet tarihinde g\u00f6r\u00fclmemi\u015f destekler verdiklerini belirterek her zaman \u00e7ift\u00e7inin ve \u00fcreticinin yan\u0131nda olduklar\u0131n\u0131&hellip;<\/p>\n","protected":false},"author":1,"featured_media":0,"comment_status":"open","ping_status":"open","sticky":false,"template":"","format":"standard","meta":{"footnotes":""},"categories":[2],"tags":[867],"class_list":["post-2642","post","type-post","status-publish","format-standard","hentry","category-tarimgentr","tag-http-www-e-haberajansi-com-haberdetay-phphaber27969"],"_links":{"self":[{"href":"https:\/\/tarimhaber.com\/index.php?rest_route=\/wp\/v2\/posts\/2642","targetHints":{"allow":["GET"]}}],"collection":[{"href":"https:\/\/tarimhaber.com\/index.php?rest_route=\/wp\/v2\/posts"}],"about":[{"href":"https:\/\/tarimhaber.com\/index.php?rest_route=\/wp\/v2\/types\/post"}],"author":[{"embeddable":true,"href":"https:\/\/tarimhaber.com\/index.php?rest_route=\/wp\/v2\/users\/1"}],"replies":[{"embeddable":true,"href":"https:\/\/tarimhaber.com\/index.php?rest_route=%2Fwp%2Fv2%2Fcomments&post=2642"}],"version-history":[{"count":0,"href":"https:\/\/tarimhaber.com\/index.php?rest_route=\/wp\/v2\/posts\/2642\/revisions"}],"wp:attachment":[{"href":"https:\/\/tarimhaber.com\/index.php?rest_route=%2Fwp%2Fv2%2Fmedia&parent=2642"}],"wp:term":[{"taxonomy":"category","embeddable":true,"href":"https:\/\/tarimhaber.com\/index.php?rest_route=%2Fwp%2Fv2%2Fcategories&post=2642"},{"taxonomy":"post_tag","embeddable":true,"href":"https:\/\/tarimhaber.com\/index.php?rest_route=%2Fwp%2Fv2%2Ftags&post=2642"}],"curies":[{"name":"wp","href":"https:\/\/api.w.org\/{rel}","templated":true}]}}