{"id":2643,"date":"2011-02-21T09:51:09","date_gmt":"2011-02-21T09:51:09","guid":{"rendered":"http:\/\/tarimhaber.com\/?p=2643"},"modified":"2011-02-21T09:51:09","modified_gmt":"2011-02-21T09:51:09","slug":"tarim-sektorunun-kalbi-konyada-atacak","status":"publish","type":"post","link":"https:\/\/tarimhaber.com\/?p=2643","title":{"rendered":"Tar\u0131m sekt\u00f6r\u00fcn\u00fcn kalbi Konya`da atacak"},"content":{"rendered":"<p>Tar\u0131m, Hayvanc\u0131l\u0131k ve S\u00fct End\u00fcstrisi Fuar\u0131 (KONYA TARIM 2011), 16-20 Mart 2011 tarihleri aras\u0131nda KTO-T\u00dcYAP Konya Uluslararas\u0131 Fuar Merkezinde ger\u00e7ekle\u015ftirilecek.<\/p>\n","protected":false},"excerpt":{"rendered":"<p>Tar\u0131m, Hayvanc\u0131l\u0131k ve S\u00fct End\u00fcstrisi Fuar\u0131 (KONYA TARIM 2011), 16-20 Mart 2011 tarihleri aras\u0131nda KTO-T\u00dcYAP Konya Uluslararas\u0131 Fuar Merkezinde ger\u00e7ekle\u015ftirilecek.<\/p>\n","protected":false},"author":1,"featured_media":0,"comment_status":"open","ping_status":"open","sticky":false,"template":"","format":"standard","meta":{"footnotes":""},"categories":[2],"tags":[3493],"class_list":["post-2643","post","type-post","status-publish","format-standard","hentry","category-tarimgentr","tag-http-www-zaman-com-tr-haber-dohaberno1096781titletarim-sektorunun-kalbi-konyada-atacak"],"_links":{"self":[{"href":"https:\/\/tarimhaber.com\/index.php?rest_route=\/wp\/v2\/posts\/2643","targetHints":{"allow":["GET"]}}],"collection":[{"href":"https:\/\/tarimhaber.com\/index.php?rest_route=\/wp\/v2\/posts"}],"about":[{"href":"https:\/\/tarimhaber.com\/index.php?rest_route=\/wp\/v2\/types\/post"}],"author":[{"embeddable":true,"href":"https:\/\/tarimhaber.com\/index.php?rest_route=\/wp\/v2\/users\/1"}],"replies":[{"embeddable":true,"href":"https:\/\/tarimhaber.com\/index.php?rest_route=%2Fwp%2Fv2%2Fcomments&post=2643"}],"version-history":[{"count":0,"href":"https:\/\/tarimhaber.com\/index.php?rest_route=\/wp\/v2\/posts\/2643\/revisions"}],"wp:attachment":[{"href":"https:\/\/tarimhaber.com\/index.php?rest_route=%2Fwp%2Fv2%2Fmedia&parent=2643"}],"wp:term":[{"taxonomy":"category","embeddable":true,"href":"https:\/\/tarimhaber.com\/index.php?rest_route=%2Fwp%2Fv2%2Fcategories&post=2643"},{"taxonomy":"post_tag","embeddable":true,"href":"https:\/\/tarimhaber.com\/index.php?rest_route=%2Fwp%2Fv2%2Ftags&post=2643"}],"curies":[{"name":"wp","href":"https:\/\/api.w.org\/{rel}","templated":true}]}}