{"id":2654,"date":"2011-02-23T14:53:26","date_gmt":"2011-02-23T14:53:26","guid":{"rendered":"http:\/\/tarimhaber.com\/?p=2654"},"modified":"2011-02-23T14:53:26","modified_gmt":"2011-02-23T14:53:26","slug":"toroslarin-gelinligi-kardelenler-koruma-altinda","status":"publish","type":"post","link":"https:\/\/tarimhaber.com\/?p=2654","title":{"rendered":"Toroslar\u0131n Gelinli\u011fi Kardelenler Koruma Alt\u0131nda"},"content":{"rendered":"<p>Bahar mevsiminin m\u00fcjdecisi say\u0131lan ve Toroslar\u0131n gelinli\u011fi olarak adland\u0131r\u0131lan ancak bilin\u00e7siz s\u00f6k\u00fcm nedeniyle yok olma tehlikesiyle kar\u015f\u0131 kar\u015f\u0131ya olan kardelenler koruma alt\u0131na al\u0131nd\u0131. Akseki il\u00e7esine ba\u011fl\u0131 mera ve yaylalar\u0131ndaki Toros kardeleninin, yanl\u0131\u015f ve zamans\u0131z s\u00f6k\u00fcmle benzeri bitkilerle birlikte kaybolma noktas\u0131na gelmesi nedeniyle Akseki Kaymakaml\u0131\u011f\u0131n\u0131n Tar\u0131m ve K\u00f6yi\u015fleri Bakanl\u0131\u011f\u0131na yapt\u0131\u011f\u0131 bilgilendirme \u00e7al\u0131\u015fmalar\u0131 sonucunda kardelen so\u011fan\u0131n\u0131n s\u00f6k\u00fcm\u00fcn\u00fcn 10 y\u0131l s\u00fcre ile yasakland\u0131\u011f\u0131 bildirildi.<\/p>\n","protected":false},"excerpt":{"rendered":"<p>Bahar mevsiminin m\u00fcjdecisi say\u0131lan ve Toroslar\u0131n gelinli\u011fi olarak adland\u0131r\u0131lan ancak bilin\u00e7siz s\u00f6k\u00fcm nedeniyle yok olma tehlikesiyle kar\u015f\u0131 kar\u015f\u0131ya olan kardelenler koruma alt\u0131na al\u0131nd\u0131. Akseki il\u00e7esine ba\u011fl\u0131 mera ve yaylalar\u0131ndaki Toros&hellip;<\/p>\n","protected":false},"author":1,"featured_media":2655,"comment_status":"open","ping_status":"open","sticky":false,"template":"","format":"standard","meta":{"footnotes":""},"categories":[2],"tags":[2051],"class_list":["post-2654","post","type-post","status-publish","format-standard","has-post-thumbnail","hentry","category-tarimgentr","tag-http-www-haberler-com-toroslarin-gelinligi-kardelenler-koruma-altinda-2553797-haberi"],"_links":{"self":[{"href":"https:\/\/tarimhaber.com\/index.php?rest_route=\/wp\/v2\/posts\/2654","targetHints":{"allow":["GET"]}}],"collection":[{"href":"https:\/\/tarimhaber.com\/index.php?rest_route=\/wp\/v2\/posts"}],"about":[{"href":"https:\/\/tarimhaber.com\/index.php?rest_route=\/wp\/v2\/types\/post"}],"author":[{"embeddable":true,"href":"https:\/\/tarimhaber.com\/index.php?rest_route=\/wp\/v2\/users\/1"}],"replies":[{"embeddable":true,"href":"https:\/\/tarimhaber.com\/index.php?rest_route=%2Fwp%2Fv2%2Fcomments&post=2654"}],"version-history":[{"count":0,"href":"https:\/\/tarimhaber.com\/index.php?rest_route=\/wp\/v2\/posts\/2654\/revisions"}],"wp:featuredmedia":[{"embeddable":true,"href":"https:\/\/tarimhaber.com\/index.php?rest_route=\/"}],"wp:attachment":[{"href":"https:\/\/tarimhaber.com\/index.php?rest_route=%2Fwp%2Fv2%2Fmedia&parent=2654"}],"wp:term":[{"taxonomy":"category","embeddable":true,"href":"https:\/\/tarimhaber.com\/index.php?rest_route=%2Fwp%2Fv2%2Fcategories&post=2654"},{"taxonomy":"post_tag","embeddable":true,"href":"https:\/\/tarimhaber.com\/index.php?rest_route=%2Fwp%2Fv2%2Ftags&post=2654"}],"curies":[{"name":"wp","href":"https:\/\/api.w.org\/{rel}","templated":true}]}}