{"id":2663,"date":"2011-02-23T13:07:27","date_gmt":"2011-02-23T13:07:27","guid":{"rendered":"http:\/\/tarimhaber.com\/?p=2663"},"modified":"2011-02-23T13:07:27","modified_gmt":"2011-02-23T13:07:27","slug":"7-ege-tarim-sera-ve-hayvancilik-fuari-acildi","status":"publish","type":"post","link":"https:\/\/tarimhaber.com\/?p=2663","title":{"rendered":"7. Ege Tar\u0131m, Sera ve Hayvanc\u0131l\u0131k Fuar\u0131 a\u00e7\u0131ld\u0131"},"content":{"rendered":"<p>EGS Fuar Merkezi`nde ger\u00e7ekle\u015ftirilen a\u00e7\u0131l\u0131\u015f t\u00f6renine Denizli Vali Vekili Mehmet \u00c7apraz, Vali Yard\u0131mc\u0131s\u0131 Nevzat Sinan, Belediye Ba\u015fkan Vekili Osman Zolan, Tar\u0131m \u0130l M\u00fcd\u00fcr\u00fc Yusuf G\u00fclsever, ORION Fuarc\u0131l\u0131k Y\u00f6netim Kurulu Ba\u015fkan\u0131 Fatih Tan, T\u00fcrkiye Ziraat &#8230;<\/p>\n","protected":false},"excerpt":{"rendered":"<p>EGS Fuar Merkezi`nde ger\u00e7ekle\u015ftirilen a\u00e7\u0131l\u0131\u015f t\u00f6renine Denizli Vali Vekili Mehmet \u00c7apraz, Vali Yard\u0131mc\u0131s\u0131 Nevzat Sinan, Belediye Ba\u015fkan Vekili Osman Zolan, Tar\u0131m \u0130l M\u00fcd\u00fcr\u00fc Yusuf G\u00fclsever, ORION Fuarc\u0131l\u0131k Y\u00f6netim Kurulu Ba\u015fkan\u0131&hellip;<\/p>\n","protected":false},"author":1,"featured_media":0,"comment_status":"open","ping_status":"open","sticky":false,"template":"","format":"standard","meta":{"footnotes":""},"categories":[2],"tags":[3495],"class_list":["post-2663","post","type-post","status-publish","format-standard","hentry","category-tarimgentr","tag-http-www-zaman-com-tr-haber-dohaberno1097917title7-ege-tarim-sera-ve-hayvancilik-fuari-acildi"],"_links":{"self":[{"href":"https:\/\/tarimhaber.com\/index.php?rest_route=\/wp\/v2\/posts\/2663","targetHints":{"allow":["GET"]}}],"collection":[{"href":"https:\/\/tarimhaber.com\/index.php?rest_route=\/wp\/v2\/posts"}],"about":[{"href":"https:\/\/tarimhaber.com\/index.php?rest_route=\/wp\/v2\/types\/post"}],"author":[{"embeddable":true,"href":"https:\/\/tarimhaber.com\/index.php?rest_route=\/wp\/v2\/users\/1"}],"replies":[{"embeddable":true,"href":"https:\/\/tarimhaber.com\/index.php?rest_route=%2Fwp%2Fv2%2Fcomments&post=2663"}],"version-history":[{"count":0,"href":"https:\/\/tarimhaber.com\/index.php?rest_route=\/wp\/v2\/posts\/2663\/revisions"}],"wp:attachment":[{"href":"https:\/\/tarimhaber.com\/index.php?rest_route=%2Fwp%2Fv2%2Fmedia&parent=2663"}],"wp:term":[{"taxonomy":"category","embeddable":true,"href":"https:\/\/tarimhaber.com\/index.php?rest_route=%2Fwp%2Fv2%2Fcategories&post=2663"},{"taxonomy":"post_tag","embeddable":true,"href":"https:\/\/tarimhaber.com\/index.php?rest_route=%2Fwp%2Fv2%2Ftags&post=2663"}],"curies":[{"name":"wp","href":"https:\/\/api.w.org\/{rel}","templated":true}]}}