{"id":268074,"date":"2026-04-26T14:25:48","date_gmt":"2026-04-26T14:25:48","guid":{"rendered":"https:\/\/tarimhaber.com\/?p=268074"},"modified":"2026-04-26T14:25:48","modified_gmt":"2026-04-26T14:25:48","slug":"album-139-cin-ithalat-ve-ihracat-fuarinda-bu-yil-ilk-kez-acilan-iha-sergi-alanina-yogun-ilgi","status":"publish","type":"post","link":"https:\/\/tarimhaber.com\/?p=268074","title":{"rendered":"Alb\u00fcm: 139. \u00c7in \u0130thalat ve \u0130hracat Fuar\u0131&apos;nda Bu Y\u0131l \u0130lk Kez A\u00e7\u0131lan \u0130ha Sergi Alan\u0131na Yo\u011fun \u0130lgi"},"content":{"rendered":"<p>GUANGZHOU, 26 Nisan (Xinhua) &#8212; \u00c7in&#8217;in g\u00fcneyindeki Guangdong eyaletinin merkezi Guangzhou&#8217;da d\u00fczenlenen Kanton Fuar\u0131&#8217;nda bu y\u0131l ilk kez t\u00fcketici ve tar\u0131m ama\u00e7l\u0131 insans\u0131z hava ara\u00e7lar\u0131na (\u0130HA) \u00f6zel sergi alanlar\u0131 a\u00e7\u0131ld\u0131.<\/p>\n<p>Kaynak: <a href=\"https:\/\/www.haberler.com\/guncel\/album-139-cin-ithalat-ve-ihracat-fuari-nda-bu-yil-19782586-haberi\/\" target=\"_blank\" class=\"feedzy-rss-link-icon\">Read More<\/a><\/p>","protected":false},"excerpt":{"rendered":"<p>GUANGZHOU, 26 Nisan (Xinhua) &#8212; \u00c7in&#8217;in g\u00fcneyindeki Guangdong eyaletinin merkezi Guangzhou&#8217;da d\u00fczenlenen Kanton Fuar\u0131&#8217;nda bu y\u0131l ilk kez t\u00fcketici ve tar\u0131m ama\u00e7l\u0131 insans\u0131z hava ara\u00e7lar\u0131na (\u0130HA) \u00f6zel sergi alanlar\u0131 a\u00e7\u0131ld\u0131.&hellip;<\/p>\n","protected":false},"author":0,"featured_media":268075,"comment_status":"open","ping_status":"open","sticky":false,"template":"","format":"standard","meta":{"footnotes":""},"categories":[4200],"tags":[],"class_list":["post-268074","post","type-post","status-publish","format-standard","has-post-thumbnail","hentry","category-guncel-haberler"],"_links":{"self":[{"href":"https:\/\/tarimhaber.com\/index.php?rest_route=\/wp\/v2\/posts\/268074","targetHints":{"allow":["GET"]}}],"collection":[{"href":"https:\/\/tarimhaber.com\/index.php?rest_route=\/wp\/v2\/posts"}],"about":[{"href":"https:\/\/tarimhaber.com\/index.php?rest_route=\/wp\/v2\/types\/post"}],"replies":[{"embeddable":true,"href":"https:\/\/tarimhaber.com\/index.php?rest_route=%2Fwp%2Fv2%2Fcomments&post=268074"}],"version-history":[{"count":0,"href":"https:\/\/tarimhaber.com\/index.php?rest_route=\/wp\/v2\/posts\/268074\/revisions"}],"wp:featuredmedia":[{"embeddable":true,"href":"https:\/\/tarimhaber.com\/index.php?rest_route=\/wp\/v2\/media\/268075"}],"wp:attachment":[{"href":"https:\/\/tarimhaber.com\/index.php?rest_route=%2Fwp%2Fv2%2Fmedia&parent=268074"}],"wp:term":[{"taxonomy":"category","embeddable":true,"href":"https:\/\/tarimhaber.com\/index.php?rest_route=%2Fwp%2Fv2%2Fcategories&post=268074"},{"taxonomy":"post_tag","embeddable":true,"href":"https:\/\/tarimhaber.com\/index.php?rest_route=%2Fwp%2Fv2%2Ftags&post=268074"}],"curies":[{"name":"wp","href":"https:\/\/api.w.org\/{rel}","templated":true}]}}