{"id":268182,"date":"2026-04-27T08:25:44","date_gmt":"2026-04-27T08:25:44","guid":{"rendered":"http:\/\/tarimhaber.com\/?p=268182"},"modified":"2026-04-27T08:25:44","modified_gmt":"2026-04-27T08:25:44","slug":"bereketin-yuzyili-fotograflarla-anlatilacak","status":"publish","type":"post","link":"https:\/\/tarimhaber.com\/?p=268182","title":{"rendered":"Bereketin y\u00fczy\u0131l\u0131 foto\u011fraflarla anlat\u0131lacak"},"content":{"rendered":"<p>Ayd\u0131n&#8217;da tar\u0131m, orman ve insan eme\u011fini konu alan 15. Uluslararas\u0131 Tar\u0131m, Orman ve \u0130nsan Foto\u011fraf Yar\u0131\u015fmas\u0131 Sergisi kap\u0131lar\u0131n\u0131 ziyaret\u00e7ilere a\u00e7maya haz\u0131rlan\u0131yor.<\/p>\n<p>Kaynak: <a href=\"https:\/\/www.haberler.com\/kultur-sanat\/bereketin-yuzyili-fotograflarla-anlatilacak-19784090-haberi\/\" target=\"_blank\" class=\"feedzy-rss-link-icon\">Read More<\/a><\/p>","protected":false},"excerpt":{"rendered":"<p>Ayd\u0131n&#8217;da tar\u0131m, orman ve insan eme\u011fini konu alan 15. Uluslararas\u0131 Tar\u0131m, Orman ve \u0130nsan Foto\u011fraf Yar\u0131\u015fmas\u0131 Sergisi kap\u0131lar\u0131n\u0131 ziyaret\u00e7ilere a\u00e7maya haz\u0131rlan\u0131yor. Kaynak: Read More<\/p>\n","protected":false},"author":0,"featured_media":268183,"comment_status":"open","ping_status":"open","sticky":false,"template":"","format":"standard","meta":{"footnotes":""},"categories":[4200],"tags":[],"class_list":["post-268182","post","type-post","status-publish","format-standard","has-post-thumbnail","hentry","category-guncel-haberler"],"_links":{"self":[{"href":"https:\/\/tarimhaber.com\/index.php?rest_route=\/wp\/v2\/posts\/268182","targetHints":{"allow":["GET"]}}],"collection":[{"href":"https:\/\/tarimhaber.com\/index.php?rest_route=\/wp\/v2\/posts"}],"about":[{"href":"https:\/\/tarimhaber.com\/index.php?rest_route=\/wp\/v2\/types\/post"}],"replies":[{"embeddable":true,"href":"https:\/\/tarimhaber.com\/index.php?rest_route=%2Fwp%2Fv2%2Fcomments&post=268182"}],"version-history":[{"count":0,"href":"https:\/\/tarimhaber.com\/index.php?rest_route=\/wp\/v2\/posts\/268182\/revisions"}],"wp:featuredmedia":[{"embeddable":true,"href":"https:\/\/tarimhaber.com\/index.php?rest_route=\/wp\/v2\/media\/268183"}],"wp:attachment":[{"href":"https:\/\/tarimhaber.com\/index.php?rest_route=%2Fwp%2Fv2%2Fmedia&parent=268182"}],"wp:term":[{"taxonomy":"category","embeddable":true,"href":"https:\/\/tarimhaber.com\/index.php?rest_route=%2Fwp%2Fv2%2Fcategories&post=268182"},{"taxonomy":"post_tag","embeddable":true,"href":"https:\/\/tarimhaber.com\/index.php?rest_route=%2Fwp%2Fv2%2Ftags&post=268182"}],"curies":[{"name":"wp","href":"https:\/\/api.w.org\/{rel}","templated":true}]}}