{"id":268199,"date":"2026-04-27T10:26:07","date_gmt":"2026-04-27T10:26:07","guid":{"rendered":"https:\/\/tarimhaber.com\/?p=268199"},"modified":"2026-04-27T10:26:07","modified_gmt":"2026-04-27T10:26:07","slug":"elazigda-dolu-tarimsal-alanlara-zarar-verdi","status":"publish","type":"post","link":"https:\/\/tarimhaber.com\/?p=268199","title":{"rendered":"Elaz\u0131\u011f&apos;da Dolu Tar\u0131msal Alanlara Zarar Verdi"},"content":{"rendered":"<p>Elaz\u0131\u011f&#8217;da pazar g\u00fcn\u00fc \u00f6\u011fle saatlerinde b\u015flayan yo\u011fun sa\u011fanak ak\u015fam\u00fcst\u00fc dolu ya\u011f\u0131\u015f\u0131 ile devam etti. Yo\u011fun ya\u011f\u0131\u015f sonras\u0131 \u015fehrin k\u0131rsal\u0131nda tar\u0131m arazilerinde zarar olu\u015ftu\u011fu \u00f6\u011frenilirken \u015fehir merkezinde de bir \u00e7ok yol sular alt\u0131nda kald\u0131, sel bask\u0131nlar\u0131 meydana geldi. Elaz\u0131\u011f Valisi Nuan Hatipo\u011fu:  &#8220;\u0130limizde saat 13.45 civar\u0131nda Koruk K\u00f6y\u00fc civar\u0131nda ve ak\u015fam saatlerinde de dolu ya\u011f\u0131\u015f\u0131 olmu\u015ftur. Ya\u011f\u0131\u015ftan etkilenen Koruk K\u00f6y\u00fc, Pirin\u00e7\u00e7i, Bal\u0131beyi Murat\u00e7\u0131k, H\u0131d\u0131rbaba, Damb\u00fcy\u00fck, Esenkent, Hal, Alatarla, Alt\u0131nku\u015fak ve Esenkent k\u00f6ylerinde ba\u011f, arpa,mercimek, nohut, badem ve ceviz alanlar\u0131nda hasar tespit \u00e7al\u0131\u015fmalar\u0131m\u0131z devam ediyor.&#8221; Dedi.<\/p>\n<p>Kaynak: <a href=\"https:\/\/www.haberler.com\/yerel\/elazig-da-dolu-tarimsal-alanlara-zarar-verdi-19784119-haberi\/\" target=\"_blank\" class=\"feedzy-rss-link-icon\">Read More<\/a><\/p>","protected":false},"excerpt":{"rendered":"<p>Elaz\u0131\u011f&#8217;da pazar g\u00fcn\u00fc \u00f6\u011fle saatlerinde b\u015flayan yo\u011fun sa\u011fanak ak\u015fam\u00fcst\u00fc dolu ya\u011f\u0131\u015f\u0131 ile devam etti. Yo\u011fun ya\u011f\u0131\u015f sonras\u0131 \u015fehrin k\u0131rsal\u0131nda tar\u0131m arazilerinde zarar olu\u015ftu\u011fu \u00f6\u011frenilirken \u015fehir merkezinde de bir \u00e7ok yol&hellip;<\/p>\n","protected":false},"author":0,"featured_media":0,"comment_status":"open","ping_status":"open","sticky":false,"template":"","format":"standard","meta":{"footnotes":""},"categories":[4200],"tags":[],"class_list":["post-268199","post","type-post","status-publish","format-standard","hentry","category-guncel-haberler"],"_links":{"self":[{"href":"https:\/\/tarimhaber.com\/index.php?rest_route=\/wp\/v2\/posts\/268199","targetHints":{"allow":["GET"]}}],"collection":[{"href":"https:\/\/tarimhaber.com\/index.php?rest_route=\/wp\/v2\/posts"}],"about":[{"href":"https:\/\/tarimhaber.com\/index.php?rest_route=\/wp\/v2\/types\/post"}],"replies":[{"embeddable":true,"href":"https:\/\/tarimhaber.com\/index.php?rest_route=%2Fwp%2Fv2%2Fcomments&post=268199"}],"version-history":[{"count":0,"href":"https:\/\/tarimhaber.com\/index.php?rest_route=\/wp\/v2\/posts\/268199\/revisions"}],"wp:attachment":[{"href":"https:\/\/tarimhaber.com\/index.php?rest_route=%2Fwp%2Fv2%2Fmedia&parent=268199"}],"wp:term":[{"taxonomy":"category","embeddable":true,"href":"https:\/\/tarimhaber.com\/index.php?rest_route=%2Fwp%2Fv2%2Fcategories&post=268199"},{"taxonomy":"post_tag","embeddable":true,"href":"https:\/\/tarimhaber.com\/index.php?rest_route=%2Fwp%2Fv2%2Ftags&post=268199"}],"curies":[{"name":"wp","href":"https:\/\/api.w.org\/{rel}","templated":true}]}}