{"id":268256,"date":"2026-04-27T19:25:30","date_gmt":"2026-04-27T19:25:30","guid":{"rendered":"http:\/\/tarimhaber.com\/?p=268256"},"modified":"2026-04-27T19:25:30","modified_gmt":"2026-04-27T19:25:30","slug":"akbelen-ormani-savunucusu-esra-isikin-tutukluluguna-devam-karari","status":"publish","type":"post","link":"https:\/\/tarimhaber.com\/?p=268256","title":{"rendered":"Akbelen Orman\u0131 Savunucusu Esra I\u015f\u0131k&apos;\u0131n Tutuklulu\u011funa Devam Karar\u0131"},"content":{"rendered":"<p>Mu\u011fla\u2019n\u0131n Milas il\u00e7esinde Akbelen Orman\u0131 \u00e7evresindeki tar\u0131m arazilerinin acele kamula\u015ft\u0131r\u0131lmas\u0131na y\u00f6nelik protestolara ili\u015fkin hakk\u0131nda &#8220;g\u00f6revi yapt\u0131rmamak i\u00e7in direnme&#8221; su\u00e7undan dava a\u00e7\u0131lan Esra I\u015f\u0131k&#8217;\u0131n yarg\u0131lanmas\u0131na ba\u015fland\u0131. Mahkeme, I\u015f\u0131k\u2019\u0131n tutukluluk halinin devam\u0131na karar verdi.<\/p>\n<p>Kaynak: <a href=\"https:\/\/www.haberler.com\/guncel\/akbelen-ormani-savunucusu-esra-isik-in-19785542-haberi\/\" target=\"_blank\" class=\"feedzy-rss-link-icon\">Read More<\/a><\/p>","protected":false},"excerpt":{"rendered":"<p>Mu\u011fla\u2019n\u0131n Milas il\u00e7esinde Akbelen Orman\u0131 \u00e7evresindeki tar\u0131m arazilerinin acele kamula\u015ft\u0131r\u0131lmas\u0131na y\u00f6nelik protestolara ili\u015fkin hakk\u0131nda &#8220;g\u00f6revi yapt\u0131rmamak i\u00e7in direnme&#8221; su\u00e7undan dava a\u00e7\u0131lan Esra I\u015f\u0131k&#8217;\u0131n yarg\u0131lanmas\u0131na ba\u015fland\u0131. Mahkeme, I\u015f\u0131k\u2019\u0131n tutukluluk halinin devam\u0131na&hellip;<\/p>\n","protected":false},"author":0,"featured_media":0,"comment_status":"open","ping_status":"open","sticky":false,"template":"","format":"standard","meta":{"footnotes":""},"categories":[4200],"tags":[],"class_list":["post-268256","post","type-post","status-publish","format-standard","hentry","category-guncel-haberler"],"_links":{"self":[{"href":"https:\/\/tarimhaber.com\/index.php?rest_route=\/wp\/v2\/posts\/268256","targetHints":{"allow":["GET"]}}],"collection":[{"href":"https:\/\/tarimhaber.com\/index.php?rest_route=\/wp\/v2\/posts"}],"about":[{"href":"https:\/\/tarimhaber.com\/index.php?rest_route=\/wp\/v2\/types\/post"}],"replies":[{"embeddable":true,"href":"https:\/\/tarimhaber.com\/index.php?rest_route=%2Fwp%2Fv2%2Fcomments&post=268256"}],"version-history":[{"count":0,"href":"https:\/\/tarimhaber.com\/index.php?rest_route=\/wp\/v2\/posts\/268256\/revisions"}],"wp:attachment":[{"href":"https:\/\/tarimhaber.com\/index.php?rest_route=%2Fwp%2Fv2%2Fmedia&parent=268256"}],"wp:term":[{"taxonomy":"category","embeddable":true,"href":"https:\/\/tarimhaber.com\/index.php?rest_route=%2Fwp%2Fv2%2Fcategories&post=268256"},{"taxonomy":"post_tag","embeddable":true,"href":"https:\/\/tarimhaber.com\/index.php?rest_route=%2Fwp%2Fv2%2Ftags&post=268256"}],"curies":[{"name":"wp","href":"https:\/\/api.w.org\/{rel}","templated":true}]}}