{"id":268267,"date":"2026-04-27T21:25:45","date_gmt":"2026-04-27T21:25:45","guid":{"rendered":"http:\/\/tarimhaber.com\/?p=268267"},"modified":"2026-04-27T21:25:45","modified_gmt":"2026-04-27T21:25:45","slug":"kumluca-tarim-ve-seracilik-festivalinde-yoruk-atesi-yakildi","status":"publish","type":"post","link":"https:\/\/tarimhaber.com\/?p=268267","title":{"rendered":"Kumluca Tar\u0131m ve Serac\u0131l\u0131k Festivali&apos;nde Y\u00f6r\u00fck ate\u015fi yak\u0131ld\u0131"},"content":{"rendered":"<p>Antalya&#8217;n\u0131n Kumluca il\u00e7esinde bu y\u0131l 27&#8217;ncisi d\u00fczenlenen Tar\u0131m ve Serac\u0131l\u0131k Festivali etkinlikleri kapsam\u0131nda, Y\u00f6r\u00fck ate\u015fi yak\u0131ld\u0131, Y\u00f6r\u00fck \u00e7ad\u0131rlar\u0131 ziyarete a\u00e7\u0131ld\u0131.<\/p>\n<p>Kaynak: <a href=\"https:\/\/www.haberler.com\/guncel\/kumluca-tarim-ve-seracilik-festivali-nde-yoruk-19786137-haberi\/\" target=\"_blank\" class=\"feedzy-rss-link-icon\">Read More<\/a><\/p>","protected":false},"excerpt":{"rendered":"<p>Antalya&#8217;n\u0131n Kumluca il\u00e7esinde bu y\u0131l 27&#8217;ncisi d\u00fczenlenen Tar\u0131m ve Serac\u0131l\u0131k Festivali etkinlikleri kapsam\u0131nda, Y\u00f6r\u00fck ate\u015fi yak\u0131ld\u0131, Y\u00f6r\u00fck \u00e7ad\u0131rlar\u0131 ziyarete a\u00e7\u0131ld\u0131. Kaynak: Read More<\/p>\n","protected":false},"author":0,"featured_media":268268,"comment_status":"open","ping_status":"open","sticky":false,"template":"","format":"standard","meta":{"footnotes":""},"categories":[4200],"tags":[],"class_list":["post-268267","post","type-post","status-publish","format-standard","has-post-thumbnail","hentry","category-guncel-haberler"],"_links":{"self":[{"href":"https:\/\/tarimhaber.com\/index.php?rest_route=\/wp\/v2\/posts\/268267","targetHints":{"allow":["GET"]}}],"collection":[{"href":"https:\/\/tarimhaber.com\/index.php?rest_route=\/wp\/v2\/posts"}],"about":[{"href":"https:\/\/tarimhaber.com\/index.php?rest_route=\/wp\/v2\/types\/post"}],"replies":[{"embeddable":true,"href":"https:\/\/tarimhaber.com\/index.php?rest_route=%2Fwp%2Fv2%2Fcomments&post=268267"}],"version-history":[{"count":0,"href":"https:\/\/tarimhaber.com\/index.php?rest_route=\/wp\/v2\/posts\/268267\/revisions"}],"wp:featuredmedia":[{"embeddable":true,"href":"https:\/\/tarimhaber.com\/index.php?rest_route=\/wp\/v2\/media\/268268"}],"wp:attachment":[{"href":"https:\/\/tarimhaber.com\/index.php?rest_route=%2Fwp%2Fv2%2Fmedia&parent=268267"}],"wp:term":[{"taxonomy":"category","embeddable":true,"href":"https:\/\/tarimhaber.com\/index.php?rest_route=%2Fwp%2Fv2%2Fcategories&post=268267"},{"taxonomy":"post_tag","embeddable":true,"href":"https:\/\/tarimhaber.com\/index.php?rest_route=%2Fwp%2Fv2%2Ftags&post=268267"}],"curies":[{"name":"wp","href":"https:\/\/api.w.org\/{rel}","templated":true}]}}