{"id":268316,"date":"2026-04-28T06:26:39","date_gmt":"2026-04-28T06:26:39","guid":{"rendered":"http:\/\/tarimhaber.com\/?p=268316"},"modified":"2026-04-28T06:26:39","modified_gmt":"2026-04-28T06:26:39","slug":"bayburtta-tarim-orman-ve-insan-temali-fotograf-sergisi-acildi","status":"publish","type":"post","link":"https:\/\/tarimhaber.com\/?p=268316","title":{"rendered":"Bayburt&apos;ta tar\u0131m, orman ve insan temal\u0131 foto\u011fraf sergisi a\u00e7\u0131ld\u0131"},"content":{"rendered":"<p>15. Uluslararas\u0131 Tar\u0131m, Orman ve \u0130nsan Foto\u011fraf Sergisi, Bayburt \u0130l Tar\u0131m ve Orman M\u00fcd\u00fcrl\u00fc\u011f\u00fc binas\u0131nda ziyarete a\u00e7\u0131ld\u0131.<\/p>\n<p>Kaynak: <a href=\"https:\/\/www.haberler.com\/yerel\/bayburt-ta-tarim-orman-ve-insan-temali-fotograf-19786360-haberi\/\" target=\"_blank\" class=\"feedzy-rss-link-icon\">Read More<\/a><\/p>","protected":false},"excerpt":{"rendered":"<p>15. Uluslararas\u0131 Tar\u0131m, Orman ve \u0130nsan Foto\u011fraf Sergisi, Bayburt \u0130l Tar\u0131m ve Orman M\u00fcd\u00fcrl\u00fc\u011f\u00fc binas\u0131nda ziyarete a\u00e7\u0131ld\u0131. Kaynak: Read More<\/p>\n","protected":false},"author":0,"featured_media":268317,"comment_status":"open","ping_status":"open","sticky":false,"template":"","format":"standard","meta":{"footnotes":""},"categories":[4200],"tags":[],"class_list":["post-268316","post","type-post","status-publish","format-standard","has-post-thumbnail","hentry","category-guncel-haberler"],"_links":{"self":[{"href":"https:\/\/tarimhaber.com\/index.php?rest_route=\/wp\/v2\/posts\/268316","targetHints":{"allow":["GET"]}}],"collection":[{"href":"https:\/\/tarimhaber.com\/index.php?rest_route=\/wp\/v2\/posts"}],"about":[{"href":"https:\/\/tarimhaber.com\/index.php?rest_route=\/wp\/v2\/types\/post"}],"replies":[{"embeddable":true,"href":"https:\/\/tarimhaber.com\/index.php?rest_route=%2Fwp%2Fv2%2Fcomments&post=268316"}],"version-history":[{"count":0,"href":"https:\/\/tarimhaber.com\/index.php?rest_route=\/wp\/v2\/posts\/268316\/revisions"}],"wp:featuredmedia":[{"embeddable":true,"href":"https:\/\/tarimhaber.com\/index.php?rest_route=\/wp\/v2\/media\/268317"}],"wp:attachment":[{"href":"https:\/\/tarimhaber.com\/index.php?rest_route=%2Fwp%2Fv2%2Fmedia&parent=268316"}],"wp:term":[{"taxonomy":"category","embeddable":true,"href":"https:\/\/tarimhaber.com\/index.php?rest_route=%2Fwp%2Fv2%2Fcategories&post=268316"},{"taxonomy":"post_tag","embeddable":true,"href":"https:\/\/tarimhaber.com\/index.php?rest_route=%2Fwp%2Fv2%2Ftags&post=268316"}],"curies":[{"name":"wp","href":"https:\/\/api.w.org\/{rel}","templated":true}]}}