{"id":268336,"date":"2026-04-28T08:26:09","date_gmt":"2026-04-28T08:26:09","guid":{"rendered":"http:\/\/tarimhaber.com\/?p=268336"},"modified":"2026-04-28T08:26:09","modified_gmt":"2026-04-28T08:26:09","slug":"esra-isikin-annesi-nejla-isik-ne-evladimizdan-vazgececegiz-ne-topragimizdan","status":"publish","type":"post","link":"https:\/\/tarimhaber.com\/?p=268336","title":{"rendered":"Esra I\u015f\u0131k&apos;\u0131n Annesi Nejla I\u015f\u0131k: Ne Evlad\u0131m\u0131zdan Vazge\u00e7ece\u011fiz Ne Topra\u011f\u0131m\u0131zdan"},"content":{"rendered":"<p>\u0130kizk\u00f6y Muhtar\u0131 Nejla I\u015f\u0131k, Akbelen Orman\u0131 \u00e7evresindeki tar\u0131m arazilerinin acele kamula\u015ft\u0131r\u0131lmas\u0131na y\u00f6nelik protestolar sonras\u0131 tutuklanan k\u0131z\u0131 Esra I\u015f\u0131k\u2019\u0131n yarg\u0131land\u0131\u011f\u0131 davada tutukluluk halinin devam\u0131na karar verilmesine tepki g\u00f6sterdi.<\/p>\n<p>Kaynak: <a href=\"https:\/\/www.haberler.com\/yerel\/esra-isik-in-annesi-nejla-isik-ne-evladimizdan-19786164-haberi\/\" target=\"_blank\" class=\"feedzy-rss-link-icon\">Read More<\/a><\/p>","protected":false},"excerpt":{"rendered":"<p>\u0130kizk\u00f6y Muhtar\u0131 Nejla I\u015f\u0131k, Akbelen Orman\u0131 \u00e7evresindeki tar\u0131m arazilerinin acele kamula\u015ft\u0131r\u0131lmas\u0131na y\u00f6nelik protestolar sonras\u0131 tutuklanan k\u0131z\u0131 Esra I\u015f\u0131k\u2019\u0131n yarg\u0131land\u0131\u011f\u0131 davada tutukluluk halinin devam\u0131na karar verilmesine tepki g\u00f6sterdi. Kaynak: Read More<\/p>\n","protected":false},"author":0,"featured_media":0,"comment_status":"open","ping_status":"open","sticky":false,"template":"","format":"standard","meta":{"footnotes":""},"categories":[4200],"tags":[],"class_list":["post-268336","post","type-post","status-publish","format-standard","hentry","category-guncel-haberler"],"_links":{"self":[{"href":"https:\/\/tarimhaber.com\/index.php?rest_route=\/wp\/v2\/posts\/268336","targetHints":{"allow":["GET"]}}],"collection":[{"href":"https:\/\/tarimhaber.com\/index.php?rest_route=\/wp\/v2\/posts"}],"about":[{"href":"https:\/\/tarimhaber.com\/index.php?rest_route=\/wp\/v2\/types\/post"}],"replies":[{"embeddable":true,"href":"https:\/\/tarimhaber.com\/index.php?rest_route=%2Fwp%2Fv2%2Fcomments&post=268336"}],"version-history":[{"count":0,"href":"https:\/\/tarimhaber.com\/index.php?rest_route=\/wp\/v2\/posts\/268336\/revisions"}],"wp:attachment":[{"href":"https:\/\/tarimhaber.com\/index.php?rest_route=%2Fwp%2Fv2%2Fmedia&parent=268336"}],"wp:term":[{"taxonomy":"category","embeddable":true,"href":"https:\/\/tarimhaber.com\/index.php?rest_route=%2Fwp%2Fv2%2Fcategories&post=268336"},{"taxonomy":"post_tag","embeddable":true,"href":"https:\/\/tarimhaber.com\/index.php?rest_route=%2Fwp%2Fv2%2Ftags&post=268336"}],"curies":[{"name":"wp","href":"https:\/\/api.w.org\/{rel}","templated":true}]}}