{"id":268337,"date":"2026-04-28T08:26:10","date_gmt":"2026-04-28T08:26:10","guid":{"rendered":"http:\/\/tarimhaber.com\/?p=268337"},"modified":"2026-04-28T08:26:10","modified_gmt":"2026-04-28T08:26:10","slug":"chpli-vekillerden-esra-isikin-tutukluluguna-tepki","status":"publish","type":"post","link":"https:\/\/tarimhaber.com\/?p=268337","title":{"rendered":"CHP&apos;li vekillerden Esra I\u015f\u0131k&apos;\u0131n tutuklulu\u011funa tepki"},"content":{"rendered":"<p>CHP Mu\u011fla Milletvekilleri Gizem \u00d6zcan, Cumhur Uzun ve S\u00fcreyya \u00d6ne\u015f Derici, Akbelen Orman\u0131 \u00e7evresindeki tar\u0131m arazilerinin acele kamula\u015ft\u0131r\u0131lmas\u0131na y\u00f6nelik protestolar sonras\u0131 tutuklanan \u0130kizk\u00f6yl\u00fc Esra I\u015f\u0131k\u2019\u0131n yarg\u0131land\u0131\u011f\u0131 davada tutukluluk halinin devam\u0131na karar verilmesine tepki g\u00f6sterdi.<\/p>\n<p>Kaynak: <a href=\"https:\/\/www.haberler.com\/yerel\/chp-mugla-milletvekillerinden-esra-isik-in-19786094-haberi\/\" target=\"_blank\" class=\"feedzy-rss-link-icon\">Read More<\/a><\/p>","protected":false},"excerpt":{"rendered":"<p>CHP Mu\u011fla Milletvekilleri Gizem \u00d6zcan, Cumhur Uzun ve S\u00fcreyya \u00d6ne\u015f Derici, Akbelen Orman\u0131 \u00e7evresindeki tar\u0131m arazilerinin acele kamula\u015ft\u0131r\u0131lmas\u0131na y\u00f6nelik protestolar sonras\u0131 tutuklanan \u0130kizk\u00f6yl\u00fc Esra I\u015f\u0131k\u2019\u0131n yarg\u0131land\u0131\u011f\u0131 davada tutukluluk halinin devam\u0131na&hellip;<\/p>\n","protected":false},"author":0,"featured_media":0,"comment_status":"open","ping_status":"open","sticky":false,"template":"","format":"standard","meta":{"footnotes":""},"categories":[4200],"tags":[],"class_list":["post-268337","post","type-post","status-publish","format-standard","hentry","category-guncel-haberler"],"_links":{"self":[{"href":"https:\/\/tarimhaber.com\/index.php?rest_route=\/wp\/v2\/posts\/268337","targetHints":{"allow":["GET"]}}],"collection":[{"href":"https:\/\/tarimhaber.com\/index.php?rest_route=\/wp\/v2\/posts"}],"about":[{"href":"https:\/\/tarimhaber.com\/index.php?rest_route=\/wp\/v2\/types\/post"}],"replies":[{"embeddable":true,"href":"https:\/\/tarimhaber.com\/index.php?rest_route=%2Fwp%2Fv2%2Fcomments&post=268337"}],"version-history":[{"count":0,"href":"https:\/\/tarimhaber.com\/index.php?rest_route=\/wp\/v2\/posts\/268337\/revisions"}],"wp:attachment":[{"href":"https:\/\/tarimhaber.com\/index.php?rest_route=%2Fwp%2Fv2%2Fmedia&parent=268337"}],"wp:term":[{"taxonomy":"category","embeddable":true,"href":"https:\/\/tarimhaber.com\/index.php?rest_route=%2Fwp%2Fv2%2Fcategories&post=268337"},{"taxonomy":"post_tag","embeddable":true,"href":"https:\/\/tarimhaber.com\/index.php?rest_route=%2Fwp%2Fv2%2Ftags&post=268337"}],"curies":[{"name":"wp","href":"https:\/\/api.w.org\/{rel}","templated":true}]}}