{"id":268375,"date":"2026-04-28T12:25:43","date_gmt":"2026-04-28T12:25:43","guid":{"rendered":"http:\/\/tarimhaber.com\/?p=268375"},"modified":"2026-04-28T12:25:43","modified_gmt":"2026-04-28T12:25:43","slug":"kredi-garanti-fonu-surdurulebilir-tarim-finansmani-icin-guneydogu-avrupa-fonu-ile-guc-birligi-yapacak","status":"publish","type":"post","link":"https:\/\/tarimhaber.com\/?p=268375","title":{"rendered":"Kredi Garanti Fonu s\u00fcrd\u00fcr\u00fclebilir tar\u0131m finansman\u0131 i\u00e7in G\u00fcneydo\u011fu Avrupa Fonu ile g\u00fc\u00e7 birli\u011fi yapacak"},"content":{"rendered":"<p>\u0130ki kurum aras\u0131nda imzalanan protokol kapsam\u0131nda, G\u00fcneydo\u011fu Avrupa Fonunun T\u00fcrkiye&#8217;de baz\u0131 bankalar arac\u0131l\u0131\u011f\u0131yla yakla\u015f\u0131k 100 milyon avroluk kaynak sa\u011flamas\u0131 ve bu kayna\u011f\u0131n &#8220;ye\u015fil liste&#8221; kriterlerine uygun olarak tar\u0131m i\u015fletmelerine kulland\u0131r\u0131lmas\u0131 \u00f6ng\u00f6r\u00fcl\u00fcyor<br \/>\n&#8211; Kredi Garanti Fonu, bu kredilere e\u015flik edecek kefalet \u00fcr\u00fcn\u00fc tasarlayarak, \u00f6zellikle teminat yetersizli\u011fi ya\u015fayan i\u015fletmelerin finansmana eri\u015fimini kolayla\u015ft\u0131racak<\/p>\n<p>Kaynak: <a href=\"https:\/\/www.haberler.com\/ekonomi\/kredi-garanti-fonu-surdurulebilir-tarim-finansmani-19787669-haberi\/\" target=\"_blank\" class=\"feedzy-rss-link-icon\">Read More<\/a><\/p>","protected":false},"excerpt":{"rendered":"<p>\u0130ki kurum aras\u0131nda imzalanan protokol kapsam\u0131nda, G\u00fcneydo\u011fu Avrupa Fonunun T\u00fcrkiye&#8217;de baz\u0131 bankalar arac\u0131l\u0131\u011f\u0131yla yakla\u015f\u0131k 100 milyon avroluk kaynak sa\u011flamas\u0131 ve bu kayna\u011f\u0131n &#8220;ye\u015fil liste&#8221; kriterlerine uygun olarak tar\u0131m i\u015fletmelerine kulland\u0131r\u0131lmas\u0131&hellip;<\/p>\n","protected":false},"author":0,"featured_media":268376,"comment_status":"open","ping_status":"open","sticky":false,"template":"","format":"standard","meta":{"footnotes":""},"categories":[4200],"tags":[],"class_list":["post-268375","post","type-post","status-publish","format-standard","has-post-thumbnail","hentry","category-guncel-haberler"],"_links":{"self":[{"href":"https:\/\/tarimhaber.com\/index.php?rest_route=\/wp\/v2\/posts\/268375","targetHints":{"allow":["GET"]}}],"collection":[{"href":"https:\/\/tarimhaber.com\/index.php?rest_route=\/wp\/v2\/posts"}],"about":[{"href":"https:\/\/tarimhaber.com\/index.php?rest_route=\/wp\/v2\/types\/post"}],"replies":[{"embeddable":true,"href":"https:\/\/tarimhaber.com\/index.php?rest_route=%2Fwp%2Fv2%2Fcomments&post=268375"}],"version-history":[{"count":0,"href":"https:\/\/tarimhaber.com\/index.php?rest_route=\/wp\/v2\/posts\/268375\/revisions"}],"wp:featuredmedia":[{"embeddable":true,"href":"https:\/\/tarimhaber.com\/index.php?rest_route=\/wp\/v2\/media\/268376"}],"wp:attachment":[{"href":"https:\/\/tarimhaber.com\/index.php?rest_route=%2Fwp%2Fv2%2Fmedia&parent=268375"}],"wp:term":[{"taxonomy":"category","embeddable":true,"href":"https:\/\/tarimhaber.com\/index.php?rest_route=%2Fwp%2Fv2%2Fcategories&post=268375"},{"taxonomy":"post_tag","embeddable":true,"href":"https:\/\/tarimhaber.com\/index.php?rest_route=%2Fwp%2Fv2%2Ftags&post=268375"}],"curies":[{"name":"wp","href":"https:\/\/api.w.org\/{rel}","templated":true}]}}