{"id":268379,"date":"2026-04-28T12:25:44","date_gmt":"2026-04-28T12:25:44","guid":{"rendered":"http:\/\/tarimhaber.com\/?p=268379"},"modified":"2026-04-28T12:25:44","modified_gmt":"2026-04-28T12:25:44","slug":"van-catak-ilcesinde-yasayan-emekli-yurttaslar-ekonomik-olarak-bittik","status":"publish","type":"post","link":"https:\/\/tarimhaber.com\/?p=268379","title":{"rendered":"Van \u00c7atak \u0130l\u00e7esinde Ya\u015fayan Emekli Yurtta\u015flar: &quot;Ekonomik Olarak Bittik&quot;"},"content":{"rendered":"<p>Van\u2019\u0131n \u00c7atak il\u00e7esinde emekliler, ayl\u0131klar\u0131n\u0131n kiralar\u0131na dahi yetmedi\u011fini dile getirdi. Emekliler y\u00fcksek enflasyon ve i\u015fsizlik ile tar\u0131m ve hayvanc\u0131l\u0131\u011f\u0131n gerilemesi nedeniyle ekonomik ko\u015fullar\u0131n a\u011f\u0131rla\u015ft\u0131\u011f\u0131n\u0131 ifade etti.\u00a0<\/p>\n<p>Kaynak: <a href=\"https:\/\/www.haberler.com\/yerel\/van-catak-ilcesinde-yasayan-emekli-yurttaslar-19787371-haberi\/\" target=\"_blank\" class=\"feedzy-rss-link-icon\">Read More<\/a><\/p>","protected":false},"excerpt":{"rendered":"<p>Van\u2019\u0131n \u00c7atak il\u00e7esinde emekliler, ayl\u0131klar\u0131n\u0131n kiralar\u0131na dahi yetmedi\u011fini dile getirdi. Emekliler y\u00fcksek enflasyon ve i\u015fsizlik ile tar\u0131m ve hayvanc\u0131l\u0131\u011f\u0131n gerilemesi nedeniyle ekonomik ko\u015fullar\u0131n a\u011f\u0131rla\u015ft\u0131\u011f\u0131n\u0131 ifade etti.\u00a0 Kaynak: Read More<\/p>\n","protected":false},"author":0,"featured_media":0,"comment_status":"open","ping_status":"open","sticky":false,"template":"","format":"standard","meta":{"footnotes":""},"categories":[4200],"tags":[],"class_list":["post-268379","post","type-post","status-publish","format-standard","hentry","category-guncel-haberler"],"_links":{"self":[{"href":"https:\/\/tarimhaber.com\/index.php?rest_route=\/wp\/v2\/posts\/268379","targetHints":{"allow":["GET"]}}],"collection":[{"href":"https:\/\/tarimhaber.com\/index.php?rest_route=\/wp\/v2\/posts"}],"about":[{"href":"https:\/\/tarimhaber.com\/index.php?rest_route=\/wp\/v2\/types\/post"}],"replies":[{"embeddable":true,"href":"https:\/\/tarimhaber.com\/index.php?rest_route=%2Fwp%2Fv2%2Fcomments&post=268379"}],"version-history":[{"count":0,"href":"https:\/\/tarimhaber.com\/index.php?rest_route=\/wp\/v2\/posts\/268379\/revisions"}],"wp:attachment":[{"href":"https:\/\/tarimhaber.com\/index.php?rest_route=%2Fwp%2Fv2%2Fmedia&parent=268379"}],"wp:term":[{"taxonomy":"category","embeddable":true,"href":"https:\/\/tarimhaber.com\/index.php?rest_route=%2Fwp%2Fv2%2Fcategories&post=268379"},{"taxonomy":"post_tag","embeddable":true,"href":"https:\/\/tarimhaber.com\/index.php?rest_route=%2Fwp%2Fv2%2Ftags&post=268379"}],"curies":[{"name":"wp","href":"https:\/\/api.w.org\/{rel}","templated":true}]}}