{"id":268659,"date":"2026-04-30T14:26:16","date_gmt":"2026-04-30T14:26:16","guid":{"rendered":"http:\/\/tarimhaber.com\/?p=268659"},"modified":"2026-04-30T14:26:16","modified_gmt":"2026-04-30T14:26:16","slug":"hasan-turandan-sumud-filosu-saldirisina-tepki","status":"publish","type":"post","link":"https:\/\/tarimhaber.com\/?p=268659","title":{"rendered":"Hasan Turan\u2019dan Sumud filosu sald\u0131r\u0131s\u0131na tepki"},"content":{"rendered":"<p>Haberler.com\u2019da konu\u015fan AK Parti \u0130stanbul Milletvekili Hasan Turan, \u0130srail\u2019in T\u00fcrk aktivistlerin de yer ald\u0131\u011f\u0131 K\u00fcresel Sumud Filosu\u2019na sald\u0131r\u0131s\u0131na sert tepki g\u00f6sterdi. Turan, \u0130srail\u2019in politikalar\u0131n\u0131n b\u00f6lgesel istikrars\u0131zl\u0131\u011f\u0131 art\u0131rd\u0131\u011f\u0131n\u0131 belirtirken, uluslararas\u0131 toplumun daha g\u00fc\u00e7l\u00fc ad\u0131mlar atmas\u0131 gerekti\u011fini vurgulad\u0131.<\/p>\n<p>Kaynak: <a href=\"https:\/\/www.haberler.com\/haberler\/hasan-turandan-sumud-filosu-saldirisina-tepki-19793941-haberi\/\" target=\"_blank\" class=\"feedzy-rss-link-icon\">Read More<\/a><\/p>","protected":false},"excerpt":{"rendered":"<p>Haberler.com\u2019da konu\u015fan AK Parti \u0130stanbul Milletvekili Hasan Turan, \u0130srail\u2019in T\u00fcrk aktivistlerin de yer ald\u0131\u011f\u0131 K\u00fcresel Sumud Filosu\u2019na sald\u0131r\u0131s\u0131na sert tepki g\u00f6sterdi. Turan, \u0130srail\u2019in politikalar\u0131n\u0131n b\u00f6lgesel istikrars\u0131zl\u0131\u011f\u0131 art\u0131rd\u0131\u011f\u0131n\u0131 belirtirken, uluslararas\u0131 toplumun&hellip;<\/p>\n","protected":false},"author":0,"featured_media":268660,"comment_status":"open","ping_status":"open","sticky":false,"template":"","format":"standard","meta":{"footnotes":""},"categories":[4200],"tags":[],"class_list":["post-268659","post","type-post","status-publish","format-standard","has-post-thumbnail","hentry","category-guncel-haberler"],"_links":{"self":[{"href":"https:\/\/tarimhaber.com\/index.php?rest_route=\/wp\/v2\/posts\/268659","targetHints":{"allow":["GET"]}}],"collection":[{"href":"https:\/\/tarimhaber.com\/index.php?rest_route=\/wp\/v2\/posts"}],"about":[{"href":"https:\/\/tarimhaber.com\/index.php?rest_route=\/wp\/v2\/types\/post"}],"replies":[{"embeddable":true,"href":"https:\/\/tarimhaber.com\/index.php?rest_route=%2Fwp%2Fv2%2Fcomments&post=268659"}],"version-history":[{"count":0,"href":"https:\/\/tarimhaber.com\/index.php?rest_route=\/wp\/v2\/posts\/268659\/revisions"}],"wp:featuredmedia":[{"embeddable":true,"href":"https:\/\/tarimhaber.com\/index.php?rest_route=\/wp\/v2\/media\/268660"}],"wp:attachment":[{"href":"https:\/\/tarimhaber.com\/index.php?rest_route=%2Fwp%2Fv2%2Fmedia&parent=268659"}],"wp:term":[{"taxonomy":"category","embeddable":true,"href":"https:\/\/tarimhaber.com\/index.php?rest_route=%2Fwp%2Fv2%2Fcategories&post=268659"},{"taxonomy":"post_tag","embeddable":true,"href":"https:\/\/tarimhaber.com\/index.php?rest_route=%2Fwp%2Fv2%2Ftags&post=268659"}],"curies":[{"name":"wp","href":"https:\/\/api.w.org\/{rel}","templated":true}]}}