{"id":268679,"date":"2026-04-30T15:26:03","date_gmt":"2026-04-30T15:26:03","guid":{"rendered":"http:\/\/tarimhaber.com\/?p=268679"},"modified":"2026-04-30T15:26:03","modified_gmt":"2026-04-30T15:26:03","slug":"chp-izmir-il-baskanligindan-esnaf-ozel-bulusmasi-chp-yoneticileri-ekonomik-kriz-esnafin-sorunlari-ve-cozum-onerilerini-degerlendirdi","status":"publish","type":"post","link":"https:\/\/tarimhaber.com\/?p=268679","title":{"rendered":"CHP \u0130zmir \u0130l Ba\u015fkanl\u0131\u011f\u0131&apos;ndan &quot;Esnaf \u00d6zel Bulu\u015fmas\u0131&quot;&#8230; CHP Y\u00f6neticileri, Ekonomik Kriz, Esnaf\u0131n Sorunlar\u0131 ve \u00c7\u00f6z\u00fcm \u00d6nerilerini De\u011ferlendirdi"},"content":{"rendered":"<p>CHP \u0130zmir \u0130l Ba\u015fkanl\u0131\u011f\u0131\u2019n\u0131n &#8220;Esnaf \u00d6zel Bulu\u015fmas\u0131&#8221; kapsam\u0131nda d\u00fczenledi\u011fi &#8220;CHP Parti Program\u0131 I\u015f\u0131\u011f\u0131nda K\u00fcreselden Yerele Ekonomi Tart\u0131\u015fmalar\u0131&#8221; paneline kat\u0131lan CHP Genel Ba\u015fkan Yard\u0131mc\u0131lar\u0131 G\u00fcldem Atabay ve Bilhun Tamayl\u0131gil, ekonomik kriz, esnaf\u0131n sorunlar\u0131 ve \u00e7\u00f6z\u00fcm \u00f6nerilerini de\u011ferlendirdi. CHP y\u00f6neticileri, vatanda\u015fla daha fazla bulu\u015farak kat\u0131l\u0131mc\u0131 politikalar geli\u015ftireceklerini vurgularken, erken se\u00e7im \u00e7a\u011fr\u0131s\u0131n\u0131 yineledi.<\/p>\n<p>Kaynak: <a href=\"https:\/\/www.haberler.com\/guncel\/chp-izmir-il-baskanligi-ndan-esnaf-ozel-bulusmasi-19794109-haberi\/\" target=\"_blank\" class=\"feedzy-rss-link-icon\">Read More<\/a><\/p>","protected":false},"excerpt":{"rendered":"<p>CHP \u0130zmir \u0130l Ba\u015fkanl\u0131\u011f\u0131\u2019n\u0131n &#8220;Esnaf \u00d6zel Bulu\u015fmas\u0131&#8221; kapsam\u0131nda d\u00fczenledi\u011fi &#8220;CHP Parti Program\u0131 I\u015f\u0131\u011f\u0131nda K\u00fcreselden Yerele Ekonomi Tart\u0131\u015fmalar\u0131&#8221; paneline kat\u0131lan CHP Genel Ba\u015fkan Yard\u0131mc\u0131lar\u0131 G\u00fcldem Atabay ve Bilhun Tamayl\u0131gil, ekonomik kriz,&hellip;<\/p>\n","protected":false},"author":0,"featured_media":0,"comment_status":"open","ping_status":"open","sticky":false,"template":"","format":"standard","meta":{"footnotes":""},"categories":[4200],"tags":[],"class_list":["post-268679","post","type-post","status-publish","format-standard","hentry","category-guncel-haberler"],"_links":{"self":[{"href":"https:\/\/tarimhaber.com\/index.php?rest_route=\/wp\/v2\/posts\/268679","targetHints":{"allow":["GET"]}}],"collection":[{"href":"https:\/\/tarimhaber.com\/index.php?rest_route=\/wp\/v2\/posts"}],"about":[{"href":"https:\/\/tarimhaber.com\/index.php?rest_route=\/wp\/v2\/types\/post"}],"replies":[{"embeddable":true,"href":"https:\/\/tarimhaber.com\/index.php?rest_route=%2Fwp%2Fv2%2Fcomments&post=268679"}],"version-history":[{"count":0,"href":"https:\/\/tarimhaber.com\/index.php?rest_route=\/wp\/v2\/posts\/268679\/revisions"}],"wp:attachment":[{"href":"https:\/\/tarimhaber.com\/index.php?rest_route=%2Fwp%2Fv2%2Fmedia&parent=268679"}],"wp:term":[{"taxonomy":"category","embeddable":true,"href":"https:\/\/tarimhaber.com\/index.php?rest_route=%2Fwp%2Fv2%2Fcategories&post=268679"},{"taxonomy":"post_tag","embeddable":true,"href":"https:\/\/tarimhaber.com\/index.php?rest_route=%2Fwp%2Fv2%2Ftags&post=268679"}],"curies":[{"name":"wp","href":"https:\/\/api.w.org\/{rel}","templated":true}]}}