{"id":268690,"date":"2026-04-30T15:26:09","date_gmt":"2026-04-30T15:26:09","guid":{"rendered":"http:\/\/tarimhaber.com\/?p=268690"},"modified":"2026-04-30T15:26:09","modified_gmt":"2026-04-30T15:26:09","slug":"afaddan-baskan-pehlivanin-ozbekistan-temaslarina-iliskin-aciklama","status":"publish","type":"post","link":"https:\/\/tarimhaber.com\/?p=268690","title":{"rendered":"AFAD&apos;dan Ba\u015fkan Pehlivan&apos;\u0131n \u00d6zbekistan temaslar\u0131na ili\u015fkin a\u00e7\u0131klama"},"content":{"rendered":"<p>Afet ve Acil Durum Y\u00f6netimi (AFAD) Ba\u015fkan\u0131 Ali Hamza Pehlivan, \u00d6zbekistan&#8217;\u0131n ba\u015fkenti Ta\u015fkent&#8217;te &#8220;Birle\u015fmi\u015f Milletler Deprem Ma\u011fdurlar\u0131n\u0131 Anma Uluslararas\u0131 G\u00fcn\u00fc Program\u0131&#8221;na kat\u0131ld\u0131.<\/p>\n<p>Kaynak: <a href=\"https:\/\/www.haberler.com\/guncel\/afad-dan-baskan-pehlivan-in-ozbekistan-temaslarina-19794096-haberi\/\" target=\"_blank\" class=\"feedzy-rss-link-icon\">Read More<\/a><\/p>","protected":false},"excerpt":{"rendered":"<p>Afet ve Acil Durum Y\u00f6netimi (AFAD) Ba\u015fkan\u0131 Ali Hamza Pehlivan, \u00d6zbekistan&#8217;\u0131n ba\u015fkenti Ta\u015fkent&#8217;te &#8220;Birle\u015fmi\u015f Milletler Deprem Ma\u011fdurlar\u0131n\u0131 Anma Uluslararas\u0131 G\u00fcn\u00fc Program\u0131&#8221;na kat\u0131ld\u0131. Kaynak: Read More<\/p>\n","protected":false},"author":0,"featured_media":0,"comment_status":"open","ping_status":"open","sticky":false,"template":"","format":"standard","meta":{"footnotes":""},"categories":[4200],"tags":[],"class_list":["post-268690","post","type-post","status-publish","format-standard","hentry","category-guncel-haberler"],"_links":{"self":[{"href":"https:\/\/tarimhaber.com\/index.php?rest_route=\/wp\/v2\/posts\/268690","targetHints":{"allow":["GET"]}}],"collection":[{"href":"https:\/\/tarimhaber.com\/index.php?rest_route=\/wp\/v2\/posts"}],"about":[{"href":"https:\/\/tarimhaber.com\/index.php?rest_route=\/wp\/v2\/types\/post"}],"replies":[{"embeddable":true,"href":"https:\/\/tarimhaber.com\/index.php?rest_route=%2Fwp%2Fv2%2Fcomments&post=268690"}],"version-history":[{"count":0,"href":"https:\/\/tarimhaber.com\/index.php?rest_route=\/wp\/v2\/posts\/268690\/revisions"}],"wp:attachment":[{"href":"https:\/\/tarimhaber.com\/index.php?rest_route=%2Fwp%2Fv2%2Fmedia&parent=268690"}],"wp:term":[{"taxonomy":"category","embeddable":true,"href":"https:\/\/tarimhaber.com\/index.php?rest_route=%2Fwp%2Fv2%2Fcategories&post=268690"},{"taxonomy":"post_tag","embeddable":true,"href":"https:\/\/tarimhaber.com\/index.php?rest_route=%2Fwp%2Fv2%2Ftags&post=268690"}],"curies":[{"name":"wp","href":"https:\/\/api.w.org\/{rel}","templated":true}]}}