{"id":268702,"date":"2026-04-30T16:26:14","date_gmt":"2026-04-30T16:26:14","guid":{"rendered":"http:\/\/tarimhaber.com\/?p=268702"},"modified":"2026-04-30T16:26:14","modified_gmt":"2026-04-30T16:26:14","slug":"aile-ve-sosyal-hizmetler-bakani-goktas-brukselde-ust-duzey-temaslarda-bulundu","status":"publish","type":"post","link":"https:\/\/tarimhaber.com\/?p=268702","title":{"rendered":"Aile ve Sosyal Hizmetler Bakan\u0131 G\u00f6kta\u015f, Br\u00fcksel&apos;de \u00fcst d\u00fczey temaslarda bulundu"},"content":{"rendered":"<p>Aile ve Sosyal Hizmetler Bakan\u0131 Mahinur \u00d6zdemir G\u00f6kta\u015f, Bel\u00e7ika&#8217;n\u0131n ba\u015fkenti Br\u00fcksel&#8217;e d\u00fczenledi\u011fi resmi ziyaret kapsam\u0131nda Bel\u00e7ika ve Avrupa Birli\u011fi&#8217;nden (AB) \u00fcst d\u00fczey yetkililerle g\u00f6r\u00fc\u015ft\u00fc, T\u00fcrk vatanda\u015flar\u0131 ve STK&#8217;lerle bir araya geldi.<\/p>\n<p>Kaynak: <a href=\"https:\/\/www.haberler.com\/guncel\/aile-ve-sosyal-hizmetler-bakani-goktas-bruksel-de-19794228-haberi\/\" target=\"_blank\" class=\"feedzy-rss-link-icon\">Read More<\/a><\/p>","protected":false},"excerpt":{"rendered":"<p>Aile ve Sosyal Hizmetler Bakan\u0131 Mahinur \u00d6zdemir G\u00f6kta\u015f, Bel\u00e7ika&#8217;n\u0131n ba\u015fkenti Br\u00fcksel&#8217;e d\u00fczenledi\u011fi resmi ziyaret kapsam\u0131nda Bel\u00e7ika ve Avrupa Birli\u011fi&#8217;nden (AB) \u00fcst d\u00fczey yetkililerle g\u00f6r\u00fc\u015ft\u00fc, T\u00fcrk vatanda\u015flar\u0131 ve STK&#8217;lerle bir araya&hellip;<\/p>\n","protected":false},"author":0,"featured_media":268703,"comment_status":"open","ping_status":"open","sticky":false,"template":"","format":"standard","meta":{"footnotes":""},"categories":[4200],"tags":[],"class_list":["post-268702","post","type-post","status-publish","format-standard","has-post-thumbnail","hentry","category-guncel-haberler"],"_links":{"self":[{"href":"https:\/\/tarimhaber.com\/index.php?rest_route=\/wp\/v2\/posts\/268702","targetHints":{"allow":["GET"]}}],"collection":[{"href":"https:\/\/tarimhaber.com\/index.php?rest_route=\/wp\/v2\/posts"}],"about":[{"href":"https:\/\/tarimhaber.com\/index.php?rest_route=\/wp\/v2\/types\/post"}],"replies":[{"embeddable":true,"href":"https:\/\/tarimhaber.com\/index.php?rest_route=%2Fwp%2Fv2%2Fcomments&post=268702"}],"version-history":[{"count":0,"href":"https:\/\/tarimhaber.com\/index.php?rest_route=\/wp\/v2\/posts\/268702\/revisions"}],"wp:featuredmedia":[{"embeddable":true,"href":"https:\/\/tarimhaber.com\/index.php?rest_route=\/wp\/v2\/media\/268703"}],"wp:attachment":[{"href":"https:\/\/tarimhaber.com\/index.php?rest_route=%2Fwp%2Fv2%2Fmedia&parent=268702"}],"wp:term":[{"taxonomy":"category","embeddable":true,"href":"https:\/\/tarimhaber.com\/index.php?rest_route=%2Fwp%2Fv2%2Fcategories&post=268702"},{"taxonomy":"post_tag","embeddable":true,"href":"https:\/\/tarimhaber.com\/index.php?rest_route=%2Fwp%2Fv2%2Ftags&post=268702"}],"curies":[{"name":"wp","href":"https:\/\/api.w.org\/{rel}","templated":true}]}}