{"id":268706,"date":"2026-04-30T16:26:16","date_gmt":"2026-04-30T16:26:16","guid":{"rendered":"http:\/\/tarimhaber.com\/?p=268706"},"modified":"2026-04-30T16:26:16","modified_gmt":"2026-04-30T16:26:16","slug":"kosovada-erken-genel-secimler-7-haziranda-yapilacak","status":"publish","type":"post","link":"https:\/\/tarimhaber.com\/?p=268706","title":{"rendered":"Kosova&apos;da erken genel se\u00e7imler 7 Haziran&apos;da yap\u0131lacak"},"content":{"rendered":"<p>Kosova Meclis Ba\u015fkan\u0131 ve Cumhurba\u015fkan\u0131 g\u00f6revini vekaleten y\u00fcr\u00fcten Albulena Haxhiu, Meclis&#8217;in yeni cumhurba\u015fkan\u0131n\u0131 se\u00e7emedi\u011fi i\u00e7in feshedilmesi nedeniyle \u00fclkede erken genel se\u00e7imlerin 7 Haziran&#8217;da yap\u0131laca\u011f\u0131n\u0131 bildirdi.<\/p>\n<p>Kaynak: <a href=\"https:\/\/www.haberler.com\/guncel\/kosova-da-erken-genel-secimler-7-haziran-da-19794224-haberi\/\" target=\"_blank\" class=\"feedzy-rss-link-icon\">Read More<\/a><\/p>","protected":false},"excerpt":{"rendered":"<p>Kosova Meclis Ba\u015fkan\u0131 ve Cumhurba\u015fkan\u0131 g\u00f6revini vekaleten y\u00fcr\u00fcten Albulena Haxhiu, Meclis&#8217;in yeni cumhurba\u015fkan\u0131n\u0131 se\u00e7emedi\u011fi i\u00e7in feshedilmesi nedeniyle \u00fclkede erken genel se\u00e7imlerin 7 Haziran&#8217;da yap\u0131laca\u011f\u0131n\u0131 bildirdi. Kaynak: Read More<\/p>\n","protected":false},"author":0,"featured_media":0,"comment_status":"open","ping_status":"open","sticky":false,"template":"","format":"standard","meta":{"footnotes":""},"categories":[4200],"tags":[],"class_list":["post-268706","post","type-post","status-publish","format-standard","hentry","category-guncel-haberler"],"_links":{"self":[{"href":"https:\/\/tarimhaber.com\/index.php?rest_route=\/wp\/v2\/posts\/268706","targetHints":{"allow":["GET"]}}],"collection":[{"href":"https:\/\/tarimhaber.com\/index.php?rest_route=\/wp\/v2\/posts"}],"about":[{"href":"https:\/\/tarimhaber.com\/index.php?rest_route=\/wp\/v2\/types\/post"}],"replies":[{"embeddable":true,"href":"https:\/\/tarimhaber.com\/index.php?rest_route=%2Fwp%2Fv2%2Fcomments&post=268706"}],"version-history":[{"count":0,"href":"https:\/\/tarimhaber.com\/index.php?rest_route=\/wp\/v2\/posts\/268706\/revisions"}],"wp:attachment":[{"href":"https:\/\/tarimhaber.com\/index.php?rest_route=%2Fwp%2Fv2%2Fmedia&parent=268706"}],"wp:term":[{"taxonomy":"category","embeddable":true,"href":"https:\/\/tarimhaber.com\/index.php?rest_route=%2Fwp%2Fv2%2Fcategories&post=268706"},{"taxonomy":"post_tag","embeddable":true,"href":"https:\/\/tarimhaber.com\/index.php?rest_route=%2Fwp%2Fv2%2Ftags&post=268706"}],"curies":[{"name":"wp","href":"https:\/\/api.w.org\/{rel}","templated":true}]}}