{"id":268712,"date":"2026-04-30T16:26:19","date_gmt":"2026-04-30T16:26:19","guid":{"rendered":"http:\/\/tarimhaber.com\/?p=268712"},"modified":"2026-04-30T16:26:19","modified_gmt":"2026-04-30T16:26:19","slug":"turk-ve-libyali-akademisyenler-tikanin-organize-ettigi-calistayda-trablusta-bulustu","status":"publish","type":"post","link":"https:\/\/tarimhaber.com\/?p=268712","title":{"rendered":"T\u00fcrk ve Libyal\u0131 akademisyenler, T\u0130KA&apos;n\u0131n organize etti\u011fi \u00e7al\u0131\u015ftayda Trablus&apos;ta bulu\u015ftu"},"content":{"rendered":"<p>Trablus \u00dcniversitesi Rekt\u00f6r\u00fc Prof. Dr. Halid Avn:<br \/>\n&#8211; &#8220;Trablus \u00dcniversitesi ile T\u00fcrk \u00fcniversiteleri aras\u0131nda i\u015f birli\u011fi ufuklar\u0131n\u0131n a\u00e7\u0131lmas\u0131na y\u00f6nelik \u00e7ok \u00f6nemli bir oturum ger\u00e7ekle\u015ftirildi. Bu ortakl\u0131\u011f\u0131n geli\u015fmesini d\u00f6rt g\u00f6zle bekliyoruz. Bu nedenle, bug\u00fcnden itibaren g\u00f6r\u00fc\u015ft\u00fc\u011f\u00fcm\u00fcz konulara dayal\u0131 bir ara\u015ft\u0131rma grubu kurabiliriz&#8221;<br \/>\n&#8211; Ankara Hac\u0131 Bayram Veli \u00dcniversitesi Uluslararas\u0131 \u0130li\u015fkiler B\u00f6l\u00fcm\u00fc \u00d6\u011fretim \u00dcyesi Do\u00e7. Dr. Yunus Turhan:<br \/>\n&#8211; &#8220;\u00c7al\u0131\u015ftayda siyaset bilimi, uluslararas\u0131 ili\u015fkiler, tarih, edebiyat gibi farkl\u0131 disiplinlerden konular ele al\u0131nd\u0131. Konulardaki ortak nokta T\u00fcrkiye-Libya ili\u015fkilerinin tarihsel derinli\u011fini \u00f6n plana \u00e7\u0131kartmakt\u0131&#8221;<\/p>\n<p>Kaynak: <a href=\"https:\/\/www.haberler.com\/guncel\/turk-ve-libyali-akademisyenler-tika-nin-organize-19794215-haberi\/\" target=\"_blank\" class=\"feedzy-rss-link-icon\">Read More<\/a><\/p>","protected":false},"excerpt":{"rendered":"<p>Trablus \u00dcniversitesi Rekt\u00f6r\u00fc Prof. Dr. Halid Avn: &#8211; &#8220;Trablus \u00dcniversitesi ile T\u00fcrk \u00fcniversiteleri aras\u0131nda i\u015f birli\u011fi ufuklar\u0131n\u0131n a\u00e7\u0131lmas\u0131na y\u00f6nelik \u00e7ok \u00f6nemli bir oturum ger\u00e7ekle\u015ftirildi. Bu ortakl\u0131\u011f\u0131n geli\u015fmesini d\u00f6rt g\u00f6zle bekliyoruz.&hellip;<\/p>\n","protected":false},"author":0,"featured_media":0,"comment_status":"open","ping_status":"open","sticky":false,"template":"","format":"standard","meta":{"footnotes":""},"categories":[4200],"tags":[],"class_list":["post-268712","post","type-post","status-publish","format-standard","hentry","category-guncel-haberler"],"_links":{"self":[{"href":"https:\/\/tarimhaber.com\/index.php?rest_route=\/wp\/v2\/posts\/268712","targetHints":{"allow":["GET"]}}],"collection":[{"href":"https:\/\/tarimhaber.com\/index.php?rest_route=\/wp\/v2\/posts"}],"about":[{"href":"https:\/\/tarimhaber.com\/index.php?rest_route=\/wp\/v2\/types\/post"}],"replies":[{"embeddable":true,"href":"https:\/\/tarimhaber.com\/index.php?rest_route=%2Fwp%2Fv2%2Fcomments&post=268712"}],"version-history":[{"count":0,"href":"https:\/\/tarimhaber.com\/index.php?rest_route=\/wp\/v2\/posts\/268712\/revisions"}],"wp:attachment":[{"href":"https:\/\/tarimhaber.com\/index.php?rest_route=%2Fwp%2Fv2%2Fmedia&parent=268712"}],"wp:term":[{"taxonomy":"category","embeddable":true,"href":"https:\/\/tarimhaber.com\/index.php?rest_route=%2Fwp%2Fv2%2Fcategories&post=268712"},{"taxonomy":"post_tag","embeddable":true,"href":"https:\/\/tarimhaber.com\/index.php?rest_route=%2Fwp%2Fv2%2Ftags&post=268712"}],"curies":[{"name":"wp","href":"https:\/\/api.w.org\/{rel}","templated":true}]}}