{"id":268718,"date":"2026-04-30T17:25:38","date_gmt":"2026-04-30T17:25:38","guid":{"rendered":"https:\/\/tarimhaber.com\/?p=268718"},"modified":"2026-04-30T17:25:38","modified_gmt":"2026-04-30T17:25:38","slug":"fenerbahce-beko-zalgiris-maci-hangi-kanalda-fenerbahce-beko-zalgiris-nereden-canli-izlenir","status":"publish","type":"post","link":"https:\/\/tarimhaber.com\/?p=268718","title":{"rendered":"Fenerbah\u00e7e Beko Zalgiris ma\u00e7\u0131 hangi kanalda, Fenerbah\u00e7e Beko Zalgiris nereden CANLI izlenir?"},"content":{"rendered":"<p>EuroLeague\u2019de play-off heyecan\u0131 t\u00fcm h\u0131z\u0131yla s\u00fcrerken, temsilcimiz sar\u0131-lacivertlilerin Litvanya temsilcisiyle kozlar\u0131n\u0131 payla\u015faca\u011f\u0131 kritik m\u00fccadele \u00f6ncesi taraftarlar ekran ba\u015f\u0131na kilitlendi: Fenerbah\u00e7e Beko Zalgiris ma\u00e7\u0131 hangi kanalda yay\u0131nlanacak? Final Four yolunda hata yapmak istemeyen Sarunas Jasikevicius\u2019un \u00f6\u011frencileri, seyircisi \u00f6n\u00fcnde avantaj yakalamay\u0131 hedeflerken; basketbolseverler dev randevunun saatini ve yay\u0131n bilgilerini ara\u015ft\u0131rmaya ba\u015flad\u0131.<\/p>\n<p>Kaynak: <a href=\"https:\/\/www.haberler.com\/haber\/fenerbahce-beko-zalgiris-maci-hangi-kanalda-19794332-haberi\/\" target=\"_blank\" class=\"feedzy-rss-link-icon\">Read More<\/a><\/p>","protected":false},"excerpt":{"rendered":"<p>EuroLeague\u2019de play-off heyecan\u0131 t\u00fcm h\u0131z\u0131yla s\u00fcrerken, temsilcimiz sar\u0131-lacivertlilerin Litvanya temsilcisiyle kozlar\u0131n\u0131 payla\u015faca\u011f\u0131 kritik m\u00fccadele \u00f6ncesi taraftarlar ekran ba\u015f\u0131na kilitlendi: Fenerbah\u00e7e Beko Zalgiris ma\u00e7\u0131 hangi kanalda yay\u0131nlanacak? Final Four yolunda hata&hellip;<\/p>\n","protected":false},"author":0,"featured_media":268719,"comment_status":"open","ping_status":"open","sticky":false,"template":"","format":"standard","meta":{"footnotes":""},"categories":[4200],"tags":[],"class_list":["post-268718","post","type-post","status-publish","format-standard","has-post-thumbnail","hentry","category-guncel-haberler"],"_links":{"self":[{"href":"https:\/\/tarimhaber.com\/index.php?rest_route=\/wp\/v2\/posts\/268718","targetHints":{"allow":["GET"]}}],"collection":[{"href":"https:\/\/tarimhaber.com\/index.php?rest_route=\/wp\/v2\/posts"}],"about":[{"href":"https:\/\/tarimhaber.com\/index.php?rest_route=\/wp\/v2\/types\/post"}],"replies":[{"embeddable":true,"href":"https:\/\/tarimhaber.com\/index.php?rest_route=%2Fwp%2Fv2%2Fcomments&post=268718"}],"version-history":[{"count":0,"href":"https:\/\/tarimhaber.com\/index.php?rest_route=\/wp\/v2\/posts\/268718\/revisions"}],"wp:featuredmedia":[{"embeddable":true,"href":"https:\/\/tarimhaber.com\/index.php?rest_route=\/wp\/v2\/media\/268719"}],"wp:attachment":[{"href":"https:\/\/tarimhaber.com\/index.php?rest_route=%2Fwp%2Fv2%2Fmedia&parent=268718"}],"wp:term":[{"taxonomy":"category","embeddable":true,"href":"https:\/\/tarimhaber.com\/index.php?rest_route=%2Fwp%2Fv2%2Fcategories&post=268718"},{"taxonomy":"post_tag","embeddable":true,"href":"https:\/\/tarimhaber.com\/index.php?rest_route=%2Fwp%2Fv2%2Ftags&post=268718"}],"curies":[{"name":"wp","href":"https:\/\/api.w.org\/{rel}","templated":true}]}}