{"id":268724,"date":"2026-04-30T17:25:42","date_gmt":"2026-04-30T17:25:42","guid":{"rendered":"https:\/\/tarimhaber.com\/?p=268724"},"modified":"2026-04-30T17:25:42","modified_gmt":"2026-04-30T17:25:42","slug":"myanmarda-devrik-lider-aung-san-suu-cii-cezasinin-kalanini-ev-hapsinde-gecirecek","status":"publish","type":"post","link":"https:\/\/tarimhaber.com\/?p=268724","title":{"rendered":"Myanmar&apos;da devrik lider Aung San Suu \u00c7ii cezas\u0131n\u0131n kalan\u0131n\u0131 ev hapsinde ge\u00e7irecek"},"content":{"rendered":"<p>Myanmar&#8217;da devrik lider Aung San Suu \u00c7ii&#8217;nin cezaevinden \u00e7\u0131kar\u0131larak ev hapsine ge\u00e7irildi\u011fi bildirildi.<\/p>\n<p>Kaynak: <a href=\"https:\/\/www.haberler.com\/guncel\/myanmar-da-devrik-lider-aung-san-suu-cii-cezasinin-19794318-haberi\/\" target=\"_blank\" class=\"feedzy-rss-link-icon\">Read More<\/a><\/p>","protected":false},"excerpt":{"rendered":"<p>Myanmar&#8217;da devrik lider Aung San Suu \u00c7ii&#8217;nin cezaevinden \u00e7\u0131kar\u0131larak ev hapsine ge\u00e7irildi\u011fi bildirildi. Kaynak: Read More<\/p>\n","protected":false},"author":0,"featured_media":0,"comment_status":"open","ping_status":"open","sticky":false,"template":"","format":"standard","meta":{"footnotes":""},"categories":[4200],"tags":[],"class_list":["post-268724","post","type-post","status-publish","format-standard","hentry","category-guncel-haberler"],"_links":{"self":[{"href":"https:\/\/tarimhaber.com\/index.php?rest_route=\/wp\/v2\/posts\/268724","targetHints":{"allow":["GET"]}}],"collection":[{"href":"https:\/\/tarimhaber.com\/index.php?rest_route=\/wp\/v2\/posts"}],"about":[{"href":"https:\/\/tarimhaber.com\/index.php?rest_route=\/wp\/v2\/types\/post"}],"replies":[{"embeddable":true,"href":"https:\/\/tarimhaber.com\/index.php?rest_route=%2Fwp%2Fv2%2Fcomments&post=268724"}],"version-history":[{"count":0,"href":"https:\/\/tarimhaber.com\/index.php?rest_route=\/wp\/v2\/posts\/268724\/revisions"}],"wp:attachment":[{"href":"https:\/\/tarimhaber.com\/index.php?rest_route=%2Fwp%2Fv2%2Fmedia&parent=268724"}],"wp:term":[{"taxonomy":"category","embeddable":true,"href":"https:\/\/tarimhaber.com\/index.php?rest_route=%2Fwp%2Fv2%2Fcategories&post=268724"},{"taxonomy":"post_tag","embeddable":true,"href":"https:\/\/tarimhaber.com\/index.php?rest_route=%2Fwp%2Fv2%2Ftags&post=268724"}],"curies":[{"name":"wp","href":"https:\/\/api.w.org\/{rel}","templated":true}]}}