{"id":268728,"date":"2026-04-30T17:25:44","date_gmt":"2026-04-30T17:25:44","guid":{"rendered":"https:\/\/tarimhaber.com\/?p=268728"},"modified":"2026-04-30T17:25:44","modified_gmt":"2026-04-30T17:25:44","slug":"izmirde-7-yasindaki-cocugu-istismar-eden-sabikali-saniga-once-ceza-sonra-tahliye","status":"publish","type":"post","link":"https:\/\/tarimhaber.com\/?p=268728","title":{"rendered":"\u0130zmir&apos;de 7 ya\u015f\u0131ndaki \u00e7ocu\u011fu istismar eden sab\u0131kal\u0131 san\u0131\u011fa \u00f6nce ceza sonra tahliye"},"content":{"rendered":"<p>\u0130zmir&#8217;in Buca il\u00e7esinde 7 ya\u015f\u0131ndaki k\u0131z \u00e7ocu\u011funa cinsel istismarda bulundu\u011fu su\u00e7lamas\u0131yla yarg\u0131lanan ve daha \u00f6nceden de benzer su\u00e7lardan sab\u0131kas\u0131 bulunan \u015fah\u0131s, hapis cezas\u0131na \u00e7arpt\u0131r\u0131lmas\u0131na ra\u011fmen tahliye edildi.<\/p>\n<p>Kaynak: <a href=\"https:\/\/www.haberler.com\/3-sayfa\/izmir-de-7-yasindaki-cocugu-istismar-eden-sabikali-19794313-haberi\/\" target=\"_blank\" class=\"feedzy-rss-link-icon\">Read More<\/a><\/p>","protected":false},"excerpt":{"rendered":"<p>\u0130zmir&#8217;in Buca il\u00e7esinde 7 ya\u015f\u0131ndaki k\u0131z \u00e7ocu\u011funa cinsel istismarda bulundu\u011fu su\u00e7lamas\u0131yla yarg\u0131lanan ve daha \u00f6nceden de benzer su\u00e7lardan sab\u0131kas\u0131 bulunan \u015fah\u0131s, hapis cezas\u0131na \u00e7arpt\u0131r\u0131lmas\u0131na ra\u011fmen tahliye edildi. Kaynak: Read More<\/p>\n","protected":false},"author":0,"featured_media":268729,"comment_status":"open","ping_status":"open","sticky":false,"template":"","format":"standard","meta":{"footnotes":""},"categories":[4200],"tags":[],"class_list":["post-268728","post","type-post","status-publish","format-standard","has-post-thumbnail","hentry","category-guncel-haberler"],"_links":{"self":[{"href":"https:\/\/tarimhaber.com\/index.php?rest_route=\/wp\/v2\/posts\/268728","targetHints":{"allow":["GET"]}}],"collection":[{"href":"https:\/\/tarimhaber.com\/index.php?rest_route=\/wp\/v2\/posts"}],"about":[{"href":"https:\/\/tarimhaber.com\/index.php?rest_route=\/wp\/v2\/types\/post"}],"replies":[{"embeddable":true,"href":"https:\/\/tarimhaber.com\/index.php?rest_route=%2Fwp%2Fv2%2Fcomments&post=268728"}],"version-history":[{"count":0,"href":"https:\/\/tarimhaber.com\/index.php?rest_route=\/wp\/v2\/posts\/268728\/revisions"}],"wp:featuredmedia":[{"embeddable":true,"href":"https:\/\/tarimhaber.com\/index.php?rest_route=\/wp\/v2\/media\/268729"}],"wp:attachment":[{"href":"https:\/\/tarimhaber.com\/index.php?rest_route=%2Fwp%2Fv2%2Fmedia&parent=268728"}],"wp:term":[{"taxonomy":"category","embeddable":true,"href":"https:\/\/tarimhaber.com\/index.php?rest_route=%2Fwp%2Fv2%2Fcategories&post=268728"},{"taxonomy":"post_tag","embeddable":true,"href":"https:\/\/tarimhaber.com\/index.php?rest_route=%2Fwp%2Fv2%2Ftags&post=268728"}],"curies":[{"name":"wp","href":"https:\/\/api.w.org\/{rel}","templated":true}]}}