{"id":268745,"date":"2026-04-30T18:26:06","date_gmt":"2026-04-30T18:26:06","guid":{"rendered":"https:\/\/tarimhaber.com\/?p=268745"},"modified":"2026-04-30T18:26:06","modified_gmt":"2026-04-30T18:26:06","slug":"1-mayis-kapali-yollar1-1-mayis-istanbul-ankara-izmir-hangi-yollar-kapali","status":"publish","type":"post","link":"https:\/\/tarimhaber.com\/?p=268745","title":{"rendered":"1 MAYIS KAPALI YOLLAR,1 1 May\u0131s \u0130stanbul, Ankara, \u0130zmir hangi yollar kapal\u0131?"},"content":{"rendered":"<p>1 May\u0131s Emek ve Dayan\u0131\u015fma G\u00fcn\u00fc kutlamalar\u0131 nedeniyle \u0130stanbul ba\u015fta olmak \u00fczere pek \u00e7ok b\u00fcy\u00fck\u015fehirde ula\u015f\u0131m g\u00fczergahlar\u0131 yeniden d\u00fczenlenirken, ara\u00e7 sahipleri &#8220;1 May\u0131s kapal\u0131 yollar&#8221; listesini mercek alt\u0131na ald\u0131. Valiliklerden yap\u0131lan son dakika a\u00e7\u0131klamalar\u0131yla, kutlama alanlar\u0131na \u00e7\u0131kan cadde ve sokaklar\u0131n trafi\u011fe kapat\u0131laca\u011f\u0131 saatler netle\u015fti. Trafikte aksama ya\u015famak istemeyen vatanda\u015flar, hangi g\u00fczergahlar\u0131n alternatif olarak belirlendi\u011fini ve k\u0131s\u0131tlamalar\u0131n ne zaman sona erece\u011fini merak ediyo<\/p>\n<p>Kaynak: <a href=\"https:\/\/www.haberler.com\/haber\/1-mayis-kapali-yollar1-1-mayis-istanbul-ankara-19794421-haberi\/\" target=\"_blank\" class=\"feedzy-rss-link-icon\">Read More<\/a><\/p>","protected":false},"excerpt":{"rendered":"<p>1 May\u0131s Emek ve Dayan\u0131\u015fma G\u00fcn\u00fc kutlamalar\u0131 nedeniyle \u0130stanbul ba\u015fta olmak \u00fczere pek \u00e7ok b\u00fcy\u00fck\u015fehirde ula\u015f\u0131m g\u00fczergahlar\u0131 yeniden d\u00fczenlenirken, ara\u00e7 sahipleri &#8220;1 May\u0131s kapal\u0131 yollar&#8221; listesini mercek alt\u0131na ald\u0131. Valiliklerden&hellip;<\/p>\n","protected":false},"author":0,"featured_media":268746,"comment_status":"open","ping_status":"open","sticky":false,"template":"","format":"standard","meta":{"footnotes":""},"categories":[4200],"tags":[],"class_list":["post-268745","post","type-post","status-publish","format-standard","has-post-thumbnail","hentry","category-guncel-haberler"],"_links":{"self":[{"href":"https:\/\/tarimhaber.com\/index.php?rest_route=\/wp\/v2\/posts\/268745","targetHints":{"allow":["GET"]}}],"collection":[{"href":"https:\/\/tarimhaber.com\/index.php?rest_route=\/wp\/v2\/posts"}],"about":[{"href":"https:\/\/tarimhaber.com\/index.php?rest_route=\/wp\/v2\/types\/post"}],"replies":[{"embeddable":true,"href":"https:\/\/tarimhaber.com\/index.php?rest_route=%2Fwp%2Fv2%2Fcomments&post=268745"}],"version-history":[{"count":0,"href":"https:\/\/tarimhaber.com\/index.php?rest_route=\/wp\/v2\/posts\/268745\/revisions"}],"wp:featuredmedia":[{"embeddable":true,"href":"https:\/\/tarimhaber.com\/index.php?rest_route=\/wp\/v2\/media\/268746"}],"wp:attachment":[{"href":"https:\/\/tarimhaber.com\/index.php?rest_route=%2Fwp%2Fv2%2Fmedia&parent=268745"}],"wp:term":[{"taxonomy":"category","embeddable":true,"href":"https:\/\/tarimhaber.com\/index.php?rest_route=%2Fwp%2Fv2%2Fcategories&post=268745"},{"taxonomy":"post_tag","embeddable":true,"href":"https:\/\/tarimhaber.com\/index.php?rest_route=%2Fwp%2Fv2%2Ftags&post=268745"}],"curies":[{"name":"wp","href":"https:\/\/api.w.org\/{rel}","templated":true}]}}