{"id":268760,"date":"2026-04-30T19:25:39","date_gmt":"2026-04-30T19:25:39","guid":{"rendered":"http:\/\/tarimhaber.com\/?p=268760"},"modified":"2026-04-30T19:25:39","modified_gmt":"2026-04-30T19:25:39","slug":"1-mayista-avmler-kapali-mi-1-mayista-magazalar-acik-mi","status":"publish","type":"post","link":"https:\/\/tarimhaber.com\/?p=268760","title":{"rendered":"1 May\u0131s&apos;ta AVM\u2019ler kapal\u0131 m\u0131, 1 May\u0131s&apos;ta ma\u011fazalar a\u00e7\u0131k m\u0131?"},"content":{"rendered":"<p>1 May\u0131s Emek ve Dayan\u0131\u015fma G\u00fcn\u00fc\u2019n\u00fcn resmi tatil olmas\u0131yla birlikte, tatil g\u00fcn\u00fcn\u00fc d\u0131\u015far\u0131da de\u011ferlendirmek isteyen vatanda\u015flar &#8220;1 May\u0131s&#8217;ta AVM\u2019ler kapal\u0131 m\u0131?&#8221; sorusunun yan\u0131t\u0131n\u0131 merak ediyor. Kamu kurumlar\u0131, bankalar ve okullar\u0131n faaliyetlerine ara verdi\u011fi bu \u00f6zel g\u00fcnde, perakende sekt\u00f6r\u00fcndeki dev al\u0131\u015fveri\u015f merkezlerinin ve ma\u011fazalar\u0131n \u00e7al\u0131\u015fma saatleri al\u0131\u015fveri\u015f tutkunlar\u0131 taraf\u0131ndan mercek alt\u0131na al\u0131nd\u0131.<\/p>\n<p>Kaynak: <a href=\"https:\/\/www.haberler.com\/haber\/1-mayista-avmler-kapali-mi-1-mayista-magazalar-19794516-haberi\/\" target=\"_blank\" class=\"feedzy-rss-link-icon\">Read More<\/a><\/p>","protected":false},"excerpt":{"rendered":"<p>1 May\u0131s Emek ve Dayan\u0131\u015fma G\u00fcn\u00fc\u2019n\u00fcn resmi tatil olmas\u0131yla birlikte, tatil g\u00fcn\u00fcn\u00fc d\u0131\u015far\u0131da de\u011ferlendirmek isteyen vatanda\u015flar &#8220;1 May\u0131s&#8217;ta AVM\u2019ler kapal\u0131 m\u0131?&#8221; sorusunun yan\u0131t\u0131n\u0131 merak ediyor. Kamu kurumlar\u0131, bankalar ve okullar\u0131n&hellip;<\/p>\n","protected":false},"author":0,"featured_media":268761,"comment_status":"open","ping_status":"open","sticky":false,"template":"","format":"standard","meta":{"footnotes":""},"categories":[4200],"tags":[],"class_list":["post-268760","post","type-post","status-publish","format-standard","has-post-thumbnail","hentry","category-guncel-haberler"],"_links":{"self":[{"href":"https:\/\/tarimhaber.com\/index.php?rest_route=\/wp\/v2\/posts\/268760","targetHints":{"allow":["GET"]}}],"collection":[{"href":"https:\/\/tarimhaber.com\/index.php?rest_route=\/wp\/v2\/posts"}],"about":[{"href":"https:\/\/tarimhaber.com\/index.php?rest_route=\/wp\/v2\/types\/post"}],"replies":[{"embeddable":true,"href":"https:\/\/tarimhaber.com\/index.php?rest_route=%2Fwp%2Fv2%2Fcomments&post=268760"}],"version-history":[{"count":0,"href":"https:\/\/tarimhaber.com\/index.php?rest_route=\/wp\/v2\/posts\/268760\/revisions"}],"wp:featuredmedia":[{"embeddable":true,"href":"https:\/\/tarimhaber.com\/index.php?rest_route=\/wp\/v2\/media\/268761"}],"wp:attachment":[{"href":"https:\/\/tarimhaber.com\/index.php?rest_route=%2Fwp%2Fv2%2Fmedia&parent=268760"}],"wp:term":[{"taxonomy":"category","embeddable":true,"href":"https:\/\/tarimhaber.com\/index.php?rest_route=%2Fwp%2Fv2%2Fcategories&post=268760"},{"taxonomy":"post_tag","embeddable":true,"href":"https:\/\/tarimhaber.com\/index.php?rest_route=%2Fwp%2Fv2%2Ftags&post=268760"}],"curies":[{"name":"wp","href":"https:\/\/api.w.org\/{rel}","templated":true}]}}