{"id":268766,"date":"2026-04-30T19:25:42","date_gmt":"2026-04-30T19:25:42","guid":{"rendered":"http:\/\/tarimhaber.com\/?p=268766"},"modified":"2026-04-30T19:25:42","modified_gmt":"2026-04-30T19:25:42","slug":"1-mayis-universiteler-tatil-mi-1-mayis-universiteler-kapali-mi","status":"publish","type":"post","link":"https:\/\/tarimhaber.com\/?p=268766","title":{"rendered":"1 May\u0131s \u00fcniversiteler tatil mi, 1 May\u0131s \u00fcniversiteler kapal\u0131 m\u0131?"},"content":{"rendered":"<p>May\u0131s ay\u0131n\u0131n geli\u015fiyle birlikte y\u00fcksek\u00f6\u011fretim kurumlar\u0131ndaki ders program\u0131 ve akademik takvim merak konusu olurken, \u00f6\u011frenciler ve akademisyenler &#8220;1 May\u0131s \u00fcniversiteler tatil mi?&#8221; sorusuna kilitlendi. 2026 y\u0131l\u0131nda Cuma g\u00fcn\u00fcne denk gelen Emek ve Dayan\u0131\u015fma G\u00fcn\u00fc&#8217;n\u00fcn resmi tatil stat\u00fcs\u00fcnde olmas\u0131, kamp\u00fcslerdeki e\u011fitim ve idari faaliyetlerin durumunu belirleyen temel fakt\u00f6r oldu.<\/p>\n<p>Kaynak: <a href=\"https:\/\/www.haberler.com\/haber\/1-mayis-universiteler-tatil-mi-1-mayis-19794505-haberi\/\" target=\"_blank\" class=\"feedzy-rss-link-icon\">Read More<\/a><\/p>","protected":false},"excerpt":{"rendered":"<p>May\u0131s ay\u0131n\u0131n geli\u015fiyle birlikte y\u00fcksek\u00f6\u011fretim kurumlar\u0131ndaki ders program\u0131 ve akademik takvim merak konusu olurken, \u00f6\u011frenciler ve akademisyenler &#8220;1 May\u0131s \u00fcniversiteler tatil mi?&#8221; sorusuna kilitlendi. 2026 y\u0131l\u0131nda Cuma g\u00fcn\u00fcne denk gelen&hellip;<\/p>\n","protected":false},"author":0,"featured_media":268767,"comment_status":"open","ping_status":"open","sticky":false,"template":"","format":"standard","meta":{"footnotes":""},"categories":[4200],"tags":[],"class_list":["post-268766","post","type-post","status-publish","format-standard","has-post-thumbnail","hentry","category-guncel-haberler"],"_links":{"self":[{"href":"https:\/\/tarimhaber.com\/index.php?rest_route=\/wp\/v2\/posts\/268766","targetHints":{"allow":["GET"]}}],"collection":[{"href":"https:\/\/tarimhaber.com\/index.php?rest_route=\/wp\/v2\/posts"}],"about":[{"href":"https:\/\/tarimhaber.com\/index.php?rest_route=\/wp\/v2\/types\/post"}],"replies":[{"embeddable":true,"href":"https:\/\/tarimhaber.com\/index.php?rest_route=%2Fwp%2Fv2%2Fcomments&post=268766"}],"version-history":[{"count":0,"href":"https:\/\/tarimhaber.com\/index.php?rest_route=\/wp\/v2\/posts\/268766\/revisions"}],"wp:featuredmedia":[{"embeddable":true,"href":"https:\/\/tarimhaber.com\/index.php?rest_route=\/wp\/v2\/media\/268767"}],"wp:attachment":[{"href":"https:\/\/tarimhaber.com\/index.php?rest_route=%2Fwp%2Fv2%2Fmedia&parent=268766"}],"wp:term":[{"taxonomy":"category","embeddable":true,"href":"https:\/\/tarimhaber.com\/index.php?rest_route=%2Fwp%2Fv2%2Fcategories&post=268766"},{"taxonomy":"post_tag","embeddable":true,"href":"https:\/\/tarimhaber.com\/index.php?rest_route=%2Fwp%2Fv2%2Ftags&post=268766"}],"curies":[{"name":"wp","href":"https:\/\/api.w.org\/{rel}","templated":true}]}}