{"id":268777,"date":"2026-04-30T19:25:48","date_gmt":"2026-04-30T19:25:48","guid":{"rendered":"http:\/\/tarimhaber.com\/?p=268777"},"modified":"2026-04-30T19:25:48","modified_gmt":"2026-04-30T19:25:48","slug":"muglada-bir-kadini-darbeden-ve-kadinin-aracina-zarar-veren-kisi-aydinda-yakalandi","status":"publish","type":"post","link":"https:\/\/tarimhaber.com\/?p=268777","title":{"rendered":"Mu\u011fla&apos;da bir kad\u0131n\u0131 darbeden ve kad\u0131n\u0131n arac\u0131na zarar veren ki\u015fi Ayd\u0131n&apos;da yakaland\u0131"},"content":{"rendered":"<p>Mu\u011fla&#8217;n\u0131n Fethiye il\u00e7esinde bir kad\u0131n\u0131 darbeden ve kad\u0131n\u0131n arac\u0131na zarar veren ki\u015fi Ayd\u0131n&#8217;da g\u00f6zalt\u0131na al\u0131nd\u0131.<\/p>\n<p>Kaynak: <a href=\"https:\/\/www.haberler.com\/guncel\/mugla-da-bir-kadini-darbeden-ve-kadinin-aracina-19794494-haberi\/\" target=\"_blank\" class=\"feedzy-rss-link-icon\">Read More<\/a><\/p>","protected":false},"excerpt":{"rendered":"<p>Mu\u011fla&#8217;n\u0131n Fethiye il\u00e7esinde bir kad\u0131n\u0131 darbeden ve kad\u0131n\u0131n arac\u0131na zarar veren ki\u015fi Ayd\u0131n&#8217;da g\u00f6zalt\u0131na al\u0131nd\u0131. Kaynak: Read More<\/p>\n","protected":false},"author":0,"featured_media":0,"comment_status":"open","ping_status":"open","sticky":false,"template":"","format":"standard","meta":{"footnotes":""},"categories":[4200],"tags":[],"class_list":["post-268777","post","type-post","status-publish","format-standard","hentry","category-guncel-haberler"],"_links":{"self":[{"href":"https:\/\/tarimhaber.com\/index.php?rest_route=\/wp\/v2\/posts\/268777","targetHints":{"allow":["GET"]}}],"collection":[{"href":"https:\/\/tarimhaber.com\/index.php?rest_route=\/wp\/v2\/posts"}],"about":[{"href":"https:\/\/tarimhaber.com\/index.php?rest_route=\/wp\/v2\/types\/post"}],"replies":[{"embeddable":true,"href":"https:\/\/tarimhaber.com\/index.php?rest_route=%2Fwp%2Fv2%2Fcomments&post=268777"}],"version-history":[{"count":0,"href":"https:\/\/tarimhaber.com\/index.php?rest_route=\/wp\/v2\/posts\/268777\/revisions"}],"wp:attachment":[{"href":"https:\/\/tarimhaber.com\/index.php?rest_route=%2Fwp%2Fv2%2Fmedia&parent=268777"}],"wp:term":[{"taxonomy":"category","embeddable":true,"href":"https:\/\/tarimhaber.com\/index.php?rest_route=%2Fwp%2Fv2%2Fcategories&post=268777"},{"taxonomy":"post_tag","embeddable":true,"href":"https:\/\/tarimhaber.com\/index.php?rest_route=%2Fwp%2Fv2%2Ftags&post=268777"}],"curies":[{"name":"wp","href":"https:\/\/api.w.org\/{rel}","templated":true}]}}