{"id":268787,"date":"2026-04-30T20:25:55","date_gmt":"2026-04-30T20:25:55","guid":{"rendered":"https:\/\/tarimhaber.com\/?p=268787"},"modified":"2026-04-30T20:25:55","modified_gmt":"2026-04-30T20:25:55","slug":"1-mayista-ne-oldu-1-mayis-neden-resmi-tatil","status":"publish","type":"post","link":"https:\/\/tarimhaber.com\/?p=268787","title":{"rendered":"1 May\u0131s\u2019ta ne oldu, 1 May\u0131s neden resmi tatil?"},"content":{"rendered":"<p>D\u00fcnya genelinde ve \u00fclkemizde co\u015fkulu etkinliklerle kutlanan Emek ve Dayan\u0131\u015fma G\u00fcn\u00fc yakla\u015f\u0131rken, pek \u00e7ok ki\u015fi &#8220;1 May\u0131s\u2019ta ne oldu, bu tarihin \u00f6nemi nedir?&#8221; sorusunun yan\u0131t\u0131n\u0131 merak ediyor. \u0130\u015f\u00e7i s\u0131n\u0131f\u0131n\u0131n hak arama m\u00fccadelesinden do\u011fan ve bug\u00fcn k\u00fcresel bir sembole d\u00f6n\u00fc\u015fen 1 May\u0131s&#8217;\u0131n tarihsel arka plan\u0131, \u00e7al\u0131\u015fma hayat\u0131ndaki pek \u00e7ok kazan\u0131m\u0131n da temelini olu\u015fturuyor.<\/p>\n<p>Kaynak: <a href=\"https:\/\/www.haberler.com\/haber\/1-mayista-ne-oldu-1-mayis-neden-resmi-tatil-19794604-haberi\/\" target=\"_blank\" class=\"feedzy-rss-link-icon\">Read More<\/a><\/p>","protected":false},"excerpt":{"rendered":"<p>D\u00fcnya genelinde ve \u00fclkemizde co\u015fkulu etkinliklerle kutlanan Emek ve Dayan\u0131\u015fma G\u00fcn\u00fc yakla\u015f\u0131rken, pek \u00e7ok ki\u015fi &#8220;1 May\u0131s\u2019ta ne oldu, bu tarihin \u00f6nemi nedir?&#8221; sorusunun yan\u0131t\u0131n\u0131 merak ediyor. \u0130\u015f\u00e7i s\u0131n\u0131f\u0131n\u0131n hak&hellip;<\/p>\n","protected":false},"author":0,"featured_media":268788,"comment_status":"open","ping_status":"open","sticky":false,"template":"","format":"standard","meta":{"footnotes":""},"categories":[4200],"tags":[],"class_list":["post-268787","post","type-post","status-publish","format-standard","has-post-thumbnail","hentry","category-guncel-haberler"],"_links":{"self":[{"href":"https:\/\/tarimhaber.com\/index.php?rest_route=\/wp\/v2\/posts\/268787","targetHints":{"allow":["GET"]}}],"collection":[{"href":"https:\/\/tarimhaber.com\/index.php?rest_route=\/wp\/v2\/posts"}],"about":[{"href":"https:\/\/tarimhaber.com\/index.php?rest_route=\/wp\/v2\/types\/post"}],"replies":[{"embeddable":true,"href":"https:\/\/tarimhaber.com\/index.php?rest_route=%2Fwp%2Fv2%2Fcomments&post=268787"}],"version-history":[{"count":0,"href":"https:\/\/tarimhaber.com\/index.php?rest_route=\/wp\/v2\/posts\/268787\/revisions"}],"wp:featuredmedia":[{"embeddable":true,"href":"https:\/\/tarimhaber.com\/index.php?rest_route=\/wp\/v2\/media\/268788"}],"wp:attachment":[{"href":"https:\/\/tarimhaber.com\/index.php?rest_route=%2Fwp%2Fv2%2Fmedia&parent=268787"}],"wp:term":[{"taxonomy":"category","embeddable":true,"href":"https:\/\/tarimhaber.com\/index.php?rest_route=%2Fwp%2Fv2%2Fcategories&post=268787"},{"taxonomy":"post_tag","embeddable":true,"href":"https:\/\/tarimhaber.com\/index.php?rest_route=%2Fwp%2Fv2%2Ftags&post=268787"}],"curies":[{"name":"wp","href":"https:\/\/api.w.org\/{rel}","templated":true}]}}