{"id":268791,"date":"2026-04-30T20:25:57","date_gmt":"2026-04-30T20:25:57","guid":{"rendered":"https:\/\/tarimhaber.com\/?p=268791"},"modified":"2026-04-30T20:25:57","modified_gmt":"2026-04-30T20:25:57","slug":"1-mayista-marketler-acik-mi-1-mayis-cuma-bim-sok-a101-acik-mi","status":"publish","type":"post","link":"https:\/\/tarimhaber.com\/?p=268791","title":{"rendered":"1 May\u0131s\u2019ta marketler a\u00e7\u0131k m\u0131, 1 May\u0131s Cuma B\u0130M, \u015eOK, A101 a\u00e7\u0131k m\u0131?"},"content":{"rendered":"<p>1 May\u0131s Emek ve Dayan\u0131\u015fma G\u00fcn\u00fc\u2019n\u00fcn 2026 takviminde Cuma g\u00fcn\u00fcne denk gelmesi ve resmi tatil ilan edilmesiyle birlikte, mutfak al\u0131\u015fveri\u015fi yapacak olan vatanda\u015flar &#8220;1 May\u0131s\u2019ta marketler a\u00e7\u0131k m\u0131?&#8221; sorusunun yan\u0131t\u0131n\u0131 aramaya ba\u015flad\u0131. Kamu kurumlar\u0131 ve bankalar\u0131n kapal\u0131 oldu\u011fu bu tatil g\u00fcn\u00fcnde; B\u0130M, A101 ve \u015eOK gibi zincir marketlerin \u00e7al\u0131\u015fma saatleri, sabah saatlerinden itibaren en \u00e7ok sorgulanan konular aras\u0131nda yerini ald\u0131.<\/p>\n<p>Kaynak: <a href=\"https:\/\/www.haberler.com\/haber\/1-mayista-marketler-acik-mi-1-mayis-cuma-bim-sok-19794597-haberi\/\" target=\"_blank\" class=\"feedzy-rss-link-icon\">Read More<\/a><\/p>","protected":false},"excerpt":{"rendered":"<p>1 May\u0131s Emek ve Dayan\u0131\u015fma G\u00fcn\u00fc\u2019n\u00fcn 2026 takviminde Cuma g\u00fcn\u00fcne denk gelmesi ve resmi tatil ilan edilmesiyle birlikte, mutfak al\u0131\u015fveri\u015fi yapacak olan vatanda\u015flar &#8220;1 May\u0131s\u2019ta marketler a\u00e7\u0131k m\u0131?&#8221; sorusunun yan\u0131t\u0131n\u0131&hellip;<\/p>\n","protected":false},"author":0,"featured_media":268792,"comment_status":"open","ping_status":"open","sticky":false,"template":"","format":"standard","meta":{"footnotes":""},"categories":[4200],"tags":[],"class_list":["post-268791","post","type-post","status-publish","format-standard","has-post-thumbnail","hentry","category-guncel-haberler"],"_links":{"self":[{"href":"https:\/\/tarimhaber.com\/index.php?rest_route=\/wp\/v2\/posts\/268791","targetHints":{"allow":["GET"]}}],"collection":[{"href":"https:\/\/tarimhaber.com\/index.php?rest_route=\/wp\/v2\/posts"}],"about":[{"href":"https:\/\/tarimhaber.com\/index.php?rest_route=\/wp\/v2\/types\/post"}],"replies":[{"embeddable":true,"href":"https:\/\/tarimhaber.com\/index.php?rest_route=%2Fwp%2Fv2%2Fcomments&post=268791"}],"version-history":[{"count":0,"href":"https:\/\/tarimhaber.com\/index.php?rest_route=\/wp\/v2\/posts\/268791\/revisions"}],"wp:featuredmedia":[{"embeddable":true,"href":"https:\/\/tarimhaber.com\/index.php?rest_route=\/wp\/v2\/media\/268792"}],"wp:attachment":[{"href":"https:\/\/tarimhaber.com\/index.php?rest_route=%2Fwp%2Fv2%2Fmedia&parent=268791"}],"wp:term":[{"taxonomy":"category","embeddable":true,"href":"https:\/\/tarimhaber.com\/index.php?rest_route=%2Fwp%2Fv2%2Fcategories&post=268791"},{"taxonomy":"post_tag","embeddable":true,"href":"https:\/\/tarimhaber.com\/index.php?rest_route=%2Fwp%2Fv2%2Ftags&post=268791"}],"curies":[{"name":"wp","href":"https:\/\/api.w.org\/{rel}","templated":true}]}}