{"id":268799,"date":"2026-04-30T20:26:01","date_gmt":"2026-04-30T20:26:01","guid":{"rendered":"https:\/\/tarimhaber.com\/?p=268799"},"modified":"2026-04-30T20:26:01","modified_gmt":"2026-04-30T20:26:01","slug":"hollandada-israilin-kuresel-sumud-filosuna-saldirisi-protesto-edildi","status":"publish","type":"post","link":"https:\/\/tarimhaber.com\/?p=268799","title":{"rendered":"Hollanda&apos;da \u0130srail&apos;in K\u00fcresel Sumud Filosu&apos;na sald\u0131r\u0131s\u0131 protesto edildi"},"content":{"rendered":"<p>\u0130srail ordusunun uluslararas\u0131 sularda K\u00fcresel Sumud Filosu&#8217;na y\u00f6nelik sald\u0131r\u0131s\u0131 Hollanda&#8217;da protesto edildi.<\/p>\n<p>Kaynak: <a href=\"https:\/\/www.haberler.com\/guncel\/hollanda-da-israil-in-kuresel-sumud-filosu-na-19794591-haberi\/\" target=\"_blank\" class=\"feedzy-rss-link-icon\">Read More<\/a><\/p>","protected":false},"excerpt":{"rendered":"<p>\u0130srail ordusunun uluslararas\u0131 sularda K\u00fcresel Sumud Filosu&#8217;na y\u00f6nelik sald\u0131r\u0131s\u0131 Hollanda&#8217;da protesto edildi. Kaynak: Read More<\/p>\n","protected":false},"author":0,"featured_media":0,"comment_status":"open","ping_status":"open","sticky":false,"template":"","format":"standard","meta":{"footnotes":""},"categories":[4200],"tags":[],"class_list":["post-268799","post","type-post","status-publish","format-standard","hentry","category-guncel-haberler"],"_links":{"self":[{"href":"https:\/\/tarimhaber.com\/index.php?rest_route=\/wp\/v2\/posts\/268799","targetHints":{"allow":["GET"]}}],"collection":[{"href":"https:\/\/tarimhaber.com\/index.php?rest_route=\/wp\/v2\/posts"}],"about":[{"href":"https:\/\/tarimhaber.com\/index.php?rest_route=\/wp\/v2\/types\/post"}],"replies":[{"embeddable":true,"href":"https:\/\/tarimhaber.com\/index.php?rest_route=%2Fwp%2Fv2%2Fcomments&post=268799"}],"version-history":[{"count":0,"href":"https:\/\/tarimhaber.com\/index.php?rest_route=\/wp\/v2\/posts\/268799\/revisions"}],"wp:attachment":[{"href":"https:\/\/tarimhaber.com\/index.php?rest_route=%2Fwp%2Fv2%2Fmedia&parent=268799"}],"wp:term":[{"taxonomy":"category","embeddable":true,"href":"https:\/\/tarimhaber.com\/index.php?rest_route=%2Fwp%2Fv2%2Fcategories&post=268799"},{"taxonomy":"post_tag","embeddable":true,"href":"https:\/\/tarimhaber.com\/index.php?rest_route=%2Fwp%2Fv2%2Ftags&post=268799"}],"curies":[{"name":"wp","href":"https:\/\/api.w.org\/{rel}","templated":true}]}}