{"id":268808,"date":"2026-04-30T21:26:00","date_gmt":"2026-04-30T21:26:00","guid":{"rendered":"http:\/\/tarimhaber.com\/?p=268808"},"modified":"2026-04-30T21:26:00","modified_gmt":"2026-04-30T21:26:00","slug":"1-mayista-eczaneler-acik-mi-1-mayis-cuma-eczaneler-kapali-mi-nobetci-eczaneler-mi-calisacak","status":"publish","type":"post","link":"https:\/\/tarimhaber.com\/?p=268808","title":{"rendered":"1 May\u0131s\u2019ta eczaneler a\u00e7\u0131k m\u0131, 1 May\u0131s Cuma eczaneler kapal\u0131 m\u0131, n\u00f6bet\u00e7i eczaneler mi \u00e7al\u0131\u015facak?"},"content":{"rendered":"<p>1 May\u0131s Emek ve Dayan\u0131\u015fma G\u00fcn\u00fc\u2019n\u00fcn resmi tatil takvimine dahil olmas\u0131yla birlikte, sa\u011fl\u0131k hizmetlerinden yararlanmak isteyen vatanda\u015flar &#8220;1 May\u0131s\u2019ta eczaneler a\u00e7\u0131k m\u0131, ila\u00e7 alabilir miyiz?&#8221; sorusunun yan\u0131t\u0131n\u0131 aramaya ba\u015flad\u0131. 2026 y\u0131l\u0131nda Cuma g\u00fcn\u00fcne denk gelen bu \u00f6zel g\u00fcnde, 2429 say\u0131l\u0131 Ulusal Bayram ve Genel Tatiller Hakk\u0131nda Kanun kapsam\u0131nda eczanelerin \u00e7al\u0131\u015fma d\u00fczeninde de\u011fi\u015fikli\u011fe gidiliyor.<\/p>\n<p>Kaynak: <a href=\"https:\/\/www.haberler.com\/haber\/1-mayista-eczaneler-acik-mi-1-mayis-cuma-19794664-haberi\/\" target=\"_blank\" class=\"feedzy-rss-link-icon\">Read More<\/a><\/p>","protected":false},"excerpt":{"rendered":"<p>1 May\u0131s Emek ve Dayan\u0131\u015fma G\u00fcn\u00fc\u2019n\u00fcn resmi tatil takvimine dahil olmas\u0131yla birlikte, sa\u011fl\u0131k hizmetlerinden yararlanmak isteyen vatanda\u015flar &#8220;1 May\u0131s\u2019ta eczaneler a\u00e7\u0131k m\u0131, ila\u00e7 alabilir miyiz?&#8221; sorusunun yan\u0131t\u0131n\u0131 aramaya ba\u015flad\u0131. 2026&hellip;<\/p>\n","protected":false},"author":0,"featured_media":268809,"comment_status":"open","ping_status":"open","sticky":false,"template":"","format":"standard","meta":{"footnotes":""},"categories":[4200],"tags":[],"class_list":["post-268808","post","type-post","status-publish","format-standard","has-post-thumbnail","hentry","category-guncel-haberler"],"_links":{"self":[{"href":"https:\/\/tarimhaber.com\/index.php?rest_route=\/wp\/v2\/posts\/268808","targetHints":{"allow":["GET"]}}],"collection":[{"href":"https:\/\/tarimhaber.com\/index.php?rest_route=\/wp\/v2\/posts"}],"about":[{"href":"https:\/\/tarimhaber.com\/index.php?rest_route=\/wp\/v2\/types\/post"}],"replies":[{"embeddable":true,"href":"https:\/\/tarimhaber.com\/index.php?rest_route=%2Fwp%2Fv2%2Fcomments&post=268808"}],"version-history":[{"count":0,"href":"https:\/\/tarimhaber.com\/index.php?rest_route=\/wp\/v2\/posts\/268808\/revisions"}],"wp:featuredmedia":[{"embeddable":true,"href":"https:\/\/tarimhaber.com\/index.php?rest_route=\/wp\/v2\/media\/268809"}],"wp:attachment":[{"href":"https:\/\/tarimhaber.com\/index.php?rest_route=%2Fwp%2Fv2%2Fmedia&parent=268808"}],"wp:term":[{"taxonomy":"category","embeddable":true,"href":"https:\/\/tarimhaber.com\/index.php?rest_route=%2Fwp%2Fv2%2Fcategories&post=268808"},{"taxonomy":"post_tag","embeddable":true,"href":"https:\/\/tarimhaber.com\/index.php?rest_route=%2Fwp%2Fv2%2Ftags&post=268808"}],"curies":[{"name":"wp","href":"https:\/\/api.w.org\/{rel}","templated":true}]}}